{"id":1365,"date":"2022-04-02T13:27:11","date_gmt":"2022-04-02T13:27:11","guid":{"rendered":"http:\/\/afrokuba.net\/?p=1196"},"modified":"2022-04-28T08:43:26","modified_gmt":"2022-04-28T12:43:26","slug":"destaca-prensa-alemana-presentacion-del-bailarin-y-maestro-cubano-amilcar-moret-gonzalez","status":"publish","type":"post","link":"https:\/\/www.afrokuba.com\/en\/2022\/04\/02\/destaca-prensa-alemana-presentacion-del-bailarin-y-maestro-cubano-amilcar-moret-gonzalez\/","title":{"rendered":"German press highlights the presentation of Cuban dancer and teacher Amilcar Moret Gonz\u00e1lez"},"content":{"rendered":"<p class=\"wp-block-paragraph\">La tragedia de amor, celos e intriga de William Shakespeare ha sido de gran importancia para Amilcar Moret a tal punto que no se ha separado de ella desde que era bailar\u00edn del Ballet de Hamburgo e interpret\u00f3 el papel principal en el ballet \u201cOthello\u201d de John Neumeier.<\/p>\n\n\n\n<div class=\"wp-block-image\"><figure class=\"aligncenter size-full\"><img decoding=\"async\" src=\"http:\/\/afrokuba.net\/wp-content\/uploads\/2022\/04\/interior-noticia.jpeg\" alt=\"\" class=\"wp-image-1198\"\/><figcaption><strong><em><strong>Amilcar Moret Gonz\u00e1lez<\/strong><\/em><\/strong><\/figcaption><\/figure><\/div>\n\n\n\n<p class=\"wp-block-paragraph\">Algunos medios de prensa alemanes destacan que \u201cla acci\u00f3n de su \u201cOthello 2.0\u201d, cuyo libreto fue proporcinado por Mariana Marchione, se desarrolla en el presente, porque los aspectos centrales del original literario son atemporales y la sociedad a\u00fan lucha con problemas sosprendetemente similares cuatroscientos a\u00f1os despu\u00e9s, por ejemplo con respecto al momento inherente a la tragedia del racismo\u201d.<\/p>\n\n\n\n<p class=\"wp-block-paragraph\">De esta manera, se cre\u00f3 un ballet que se caratceriza por la diversidad tanto de la m\u00fasica como de los estilos de baile, y, por lo tanto, present\u00f3 al conjunto de Kiel un desaf\u00edo especial.<\/p>\n\n\n\n<div class=\"wp-block-image\"><figure class=\"aligncenter size-full\"><img decoding=\"async\" src=\"http:\/\/afrokuba.net\/wp-content\/uploads\/2022\/04\/interior-1.jpeg\" alt=\"\" class=\"wp-image-1199\"\/><\/figure><\/div>\n\n\n\n<p class=\"wp-block-paragraph\">El cubano Amilcar Moret Gonz\u00e1lez, nacido en 1977 tiene mucho en com\u00fan con esta figura que alguna vez bail\u00f3 en la Hamburger Company de John Neumeier, resalt\u00f3 la periodista Irene Bazinger en el sitio <em>Concerti<\/em> el pasado primero de abril.<\/p>","protected":false},"excerpt":{"rendered":"<p>\"Othello 2.0\", is the title of the ballet that the dancer and teacher Amilcar Moret Gonz\u00e1lez presents from this month at the Kiel Theater in Germany.<\/p>","protected":false},"author":1,"featured_media":1368,"comment_status":"open","ping_status":"open","sticky":false,"template":"","format":"standard","meta":{"footnotes":"","_links_to":"","_links_to_target":""},"categories":[42,90],"tags":[93,94,43,25,48,95],"class_list":["post-1365","post","type-post","status-publish","format-standard","has-post-thumbnail","hentry","category-afrokuba","category-danza","tag-alemania","tag-amilcarmret","tag-danza","tag-internacional","tag-presentacion","tag-shakespeare","post-with-thumbnail","post-with-thumbnail-large"],"aioseo_notices":[],"aioseo_head":"\n\t\t<!-- All in One SEO 5.0.1.1 - aioseo.com -->\n\t<meta name=\"description\" content=\"\u201cOthello 2.0\u201d, es el t\u00edtulo del ballet que el bailar\u00edn y maestro Amilcar Moret Gonz\u00e1lez presenta desde este mes en el Teatro Kiel de Alemania\" \/>\n\t<meta name=\"robots\" content=\"max-image-preview:large\" \/>\n\t<meta name=\"author\" content=\"AfroKuba\"\/>\n\t<link rel=\"canonical\" href=\"https:\/\/www.afrokuba.com\/en\/2022\/04\/02\/destaca-prensa-alemana-presentacion-del-bailarin-y-maestro-cubano-amilcar-moret-gonzalez\/\" \/>\n\t<meta name=\"generator\" content=\"All in One SEO (AIOSEO) 5.0.1.1\" \/>\n\t\t<meta property=\"og:locale\" content=\"en_US\" \/>\n\t\t<meta property=\"og:site_name\" content=\"AfroKuba | Proyecto Etnovisual\" \/>\n\t\t<meta property=\"og:type\" content=\"article\" \/>\n\t\t<meta property=\"og:title\" content=\"Destaca prensa alemana presentaci\u00f3n del bailar\u00edn y maestro cubano Amilcar Moret Gonz\u00e1lez | AfroKuba\" \/>\n\t\t<meta property=\"og:description\" content=\"\u201cOthello 2.0\u201d, es el t\u00edtulo del ballet que el bailar\u00edn y maestro Amilcar Moret Gonz\u00e1lez presenta desde este mes en el Teatro Kiel de Alemania\" \/>\n\t\t<meta property=\"og:url\" content=\"https:\/\/www.afrokuba.com\/en\/2022\/04\/02\/destaca-prensa-alemana-presentacion-del-bailarin-y-maestro-cubano-amilcar-moret-gonzalez\/\" \/>\n\t\t<meta property=\"og:image\" content=\"https:\/\/www.afrokuba.com\/wp-content\/uploads\/2022\/04\/portada-1.jpeg\" \/>\n\t\t<meta property=\"og:image:secure_url\" content=\"https:\/\/www.afrokuba.com\/wp-content\/uploads\/2022\/04\/portada-1.jpeg\" \/>\n\t\t<meta property=\"og:image:width\" content=\"1240\" \/>\n\t\t<meta property=\"og:image:height\" content=\"620\" \/>\n\t\t<meta property=\"article:published_time\" content=\"2022-04-02T13:27:11+00:00\" \/>\n\t\t<meta property=\"article:modified_time\" content=\"2022-04-28T12:43:26+00:00\" \/>\n\t\t<meta property=\"article:publisher\" content=\"https:\/\/www.facebook.com\/afrokuba\/\" \/>\n\t\t<meta name=\"twitter:card\" content=\"summary\" \/>\n\t\t<meta name=\"twitter:title\" content=\"Destaca prensa alemana presentaci\u00f3n del bailar\u00edn y maestro cubano Amilcar Moret Gonz\u00e1lez | AfroKuba\" \/>\n\t\t<meta name=\"twitter:description\" content=\"\u201cOthello 2.0\u201d, es el t\u00edtulo del ballet que el bailar\u00edn y maestro Amilcar Moret Gonz\u00e1lez presenta desde este mes en el Teatro Kiel de Alemania\" \/>\n\t\t<meta name=\"twitter:image\" content=\"https:\/\/www.afrokuba.com\/wp-content\/uploads\/2022\/04\/portada-1.jpeg\" \/>\n\t\t<script type=\"application\/ld+json\" class=\"aioseo-schema\">\n\t\t\t{\"@context\":\"https:\\\/\\\/schema.org\",\"@graph\":[{\"@type\":\"BlogPosting\",\"@id\":\"https:\\\/\\\/www.afrokuba.com\\\/en\\\/2022\\\/04\\\/02\\\/destaca-prensa-alemana-presentacion-del-bailarin-y-maestro-cubano-amilcar-moret-gonzalez\\\/#blogposting\",\"name\":\"Destaca prensa alemana presentaci\\u00f3n del bailar\\u00edn y maestro cubano Amilcar Moret Gonz\\u00e1lez | AfroKuba\",\"headline\":\"Destaca prensa alemana presentaci\\u00f3n del bailar\\u00edn y maestro cubano Amilcar Moret Gonz\\u00e1lez\",\"author\":{\"@id\":\"https:\\\/\\\/www.afrokuba.com\\\/en\\\/author\\\/afrokuba\\\/#author\"},\"publisher\":{\"@id\":\"https:\\\/\\\/www.afrokuba.com\\\/en\\\/#person\"},\"image\":{\"@type\":\"ImageObject\",\"url\":\"https:\\\/\\\/www.afrokuba.com\\\/wp-content\\\/uploads\\\/2022\\\/04\\\/portada-1.jpeg\",\"width\":1240,\"height\":620},\"datePublished\":\"2022-04-02T13:27:11-04:00\",\"dateModified\":\"2022-04-28T08:43:26-04:00\",\"inLanguage\":\"en-US\",\"mainEntityOfPage\":{\"@id\":\"https:\\\/\\\/www.afrokuba.com\\\/en\\\/2022\\\/04\\\/02\\\/destaca-prensa-alemana-presentacion-del-bailarin-y-maestro-cubano-amilcar-moret-gonzalez\\\/#webpage\"},\"isPartOf\":{\"@id\":\"https:\\\/\\\/www.afrokuba.com\\\/en\\\/2022\\\/04\\\/02\\\/destaca-prensa-alemana-presentacion-del-bailarin-y-maestro-cubano-amilcar-moret-gonzalez\\\/#webpage\"},\"articleSection\":\"AfroKuba, Danza, alemania, amilcarmret, danza, internacional, presentaci\\u00f3n, Shakespeare\"},{\"@type\":\"BreadcrumbList\",\"@id\":\"https:\\\/\\\/www.afrokuba.com\\\/en\\\/2022\\\/04\\\/02\\\/destaca-prensa-alemana-presentacion-del-bailarin-y-maestro-cubano-amilcar-moret-gonzalez\\\/#breadcrumblist\",\"itemListElement\":[{\"@type\":\"ListItem\",\"@id\":\"https:\\\/\\\/www.afrokuba.com\\\/en#listItem\",\"position\":1,\"name\":\"Inicio\",\"item\":\"https:\\\/\\\/www.afrokuba.com\\\/en\",\"nextItem\":{\"@type\":\"ListItem\",\"@id\":\"https:\\\/\\\/www.afrokuba.com\\\/en\\\/category\\\/afrokuba\\\/#listItem\",\"name\":\"AfroKuba\"}},{\"@type\":\"ListItem\",\"@id\":\"https:\\\/\\\/www.afrokuba.com\\\/en\\\/category\\\/afrokuba\\\/#listItem\",\"position\":2,\"name\":\"AfroKuba\",\"item\":\"https:\\\/\\\/www.afrokuba.com\\\/en\\\/category\\\/afrokuba\\\/\",\"nextItem\":{\"@type\":\"ListItem\",\"@id\":\"https:\\\/\\\/www.afrokuba.com\\\/en\\\/2022\\\/04\\\/02\\\/destaca-prensa-alemana-presentacion-del-bailarin-y-maestro-cubano-amilcar-moret-gonzalez\\\/#listItem\",\"name\":\"Destaca prensa alemana presentaci\\u00f3n del bailar\\u00edn y maestro cubano Amilcar Moret Gonz\\u00e1lez\"},\"previousItem\":{\"@type\":\"ListItem\",\"@id\":\"https:\\\/\\\/www.afrokuba.com\\\/en#listItem\",\"name\":\"Inicio\"}},{\"@type\":\"ListItem\",\"@id\":\"https:\\\/\\\/www.afrokuba.com\\\/en\\\/2022\\\/04\\\/02\\\/destaca-prensa-alemana-presentacion-del-bailarin-y-maestro-cubano-amilcar-moret-gonzalez\\\/#listItem\",\"position\":3,\"name\":\"Destaca prensa alemana presentaci\\u00f3n del bailar\\u00edn y maestro cubano Amilcar Moret Gonz\\u00e1lez\",\"previousItem\":{\"@type\":\"ListItem\",\"@id\":\"https:\\\/\\\/www.afrokuba.com\\\/en\\\/category\\\/afrokuba\\\/#listItem\",\"name\":\"AfroKuba\"}}]},{\"@type\":\"Person\",\"@id\":\"https:\\\/\\\/www.afrokuba.com\\\/en\\\/#person\",\"name\":\"AfroKuba\",\"image\":{\"@type\":\"ImageObject\",\"@id\":\"https:\\\/\\\/www.afrokuba.com\\\/en\\\/2022\\\/04\\\/02\\\/destaca-prensa-alemana-presentacion-del-bailarin-y-maestro-cubano-amilcar-moret-gonzalez\\\/#personImage\",\"url\":\"https:\\\/\\\/secure.gravatar.com\\\/avatar\\\/afd997acb9542c3283201cbde65b66699099b658e043adf43bf09f0d1d4778a0?s=96&d=mm&r=g\",\"width\":96,\"height\":96,\"caption\":\"AfroKuba\"}},{\"@type\":\"Person\",\"@id\":\"https:\\\/\\\/www.afrokuba.com\\\/en\\\/author\\\/afrokuba\\\/#author\",\"url\":\"https:\\\/\\\/www.afrokuba.com\\\/en\\\/author\\\/afrokuba\\\/\",\"name\":\"AfroKuba\",\"image\":{\"@type\":\"ImageObject\",\"@id\":\"https:\\\/\\\/www.afrokuba.com\\\/en\\\/2022\\\/04\\\/02\\\/destaca-prensa-alemana-presentacion-del-bailarin-y-maestro-cubano-amilcar-moret-gonzalez\\\/#authorImage\",\"url\":\"https:\\\/\\\/secure.gravatar.com\\\/avatar\\\/afd997acb9542c3283201cbde65b66699099b658e043adf43bf09f0d1d4778a0?s=96&d=mm&r=g\",\"width\":96,\"height\":96,\"caption\":\"AfroKuba\"}},{\"@type\":\"WebPage\",\"@id\":\"https:\\\/\\\/www.afrokuba.com\\\/en\\\/2022\\\/04\\\/02\\\/destaca-prensa-alemana-presentacion-del-bailarin-y-maestro-cubano-amilcar-moret-gonzalez\\\/#webpage\",\"url\":\"https:\\\/\\\/www.afrokuba.com\\\/en\\\/2022\\\/04\\\/02\\\/destaca-prensa-alemana-presentacion-del-bailarin-y-maestro-cubano-amilcar-moret-gonzalez\\\/\",\"name\":\"Destaca prensa alemana presentaci\\u00f3n del bailar\\u00edn y maestro cubano Amilcar Moret Gonz\\u00e1lez | AfroKuba\",\"description\":\"\\u201cOthello 2.0\\u201d, es el t\\u00edtulo del ballet que el bailar\\u00edn y maestro Amilcar Moret Gonz\\u00e1lez presenta desde este mes en el Teatro Kiel de Alemania\",\"inLanguage\":\"en-US\",\"isPartOf\":{\"@id\":\"https:\\\/\\\/www.afrokuba.com\\\/en\\\/#website\"},\"breadcrumb\":{\"@id\":\"https:\\\/\\\/www.afrokuba.com\\\/en\\\/2022\\\/04\\\/02\\\/destaca-prensa-alemana-presentacion-del-bailarin-y-maestro-cubano-amilcar-moret-gonzalez\\\/#breadcrumblist\"},\"author\":{\"@id\":\"https:\\\/\\\/www.afrokuba.com\\\/en\\\/author\\\/afrokuba\\\/#author\"},\"creator\":{\"@id\":\"https:\\\/\\\/www.afrokuba.com\\\/en\\\/author\\\/afrokuba\\\/#author\"},\"image\":{\"@type\":\"ImageObject\",\"url\":\"https:\\\/\\\/www.afrokuba.com\\\/wp-content\\\/uploads\\\/2022\\\/04\\\/portada-1.jpeg\",\"@id\":\"https:\\\/\\\/www.afrokuba.com\\\/en\\\/2022\\\/04\\\/02\\\/destaca-prensa-alemana-presentacion-del-bailarin-y-maestro-cubano-amilcar-moret-gonzalez\\\/#mainImage\",\"width\":1240,\"height\":620},\"primaryImageOfPage\":{\"@id\":\"https:\\\/\\\/www.afrokuba.com\\\/en\\\/2022\\\/04\\\/02\\\/destaca-prensa-alemana-presentacion-del-bailarin-y-maestro-cubano-amilcar-moret-gonzalez\\\/#mainImage\"},\"datePublished\":\"2022-04-02T13:27:11-04:00\",\"dateModified\":\"2022-04-28T08:43:26-04:00\"},{\"@type\":\"WebSite\",\"@id\":\"https:\\\/\\\/www.afrokuba.com\\\/en\\\/#website\",\"url\":\"https:\\\/\\\/www.afrokuba.com\\\/en\\\/\",\"name\":\"AfroKuba\",\"description\":\"Proyecto Etnovisual\",\"inLanguage\":\"en-US\",\"publisher\":{\"@id\":\"https:\\\/\\\/www.afrokuba.com\\\/en\\\/#person\"}}]}\n\t\t<\/script>\n\t\t<!-- All in One SEO -->\n\n","aioseo_head_json":{"title":"Destaca prensa alemana presentaci\u00f3n del bailar\u00edn y maestro cubano Amilcar Moret Gonz\u00e1lez | AfroKuba","description":"\"Othello 2.0\", is the title of the ballet that the dancer and teacher Amilcar Moret Gonz\u00e1lez presents from this month at the Kiel Theater in Germany.","canonical_url":"https:\/\/www.afrokuba.com\/en\/2022\/04\/02\/destaca-prensa-alemana-presentacion-del-bailarin-y-maestro-cubano-amilcar-moret-gonzalez\/","robots":"max-image-preview:large","keywords":"","webmasterTools":{"miscellaneous":""},"schema":{"@context":"https:\/\/schema.org","@graph":[{"@type":"BlogPosting","@id":"https:\/\/www.afrokuba.com\/en\/2022\/04\/02\/destaca-prensa-alemana-presentacion-del-bailarin-y-maestro-cubano-amilcar-moret-gonzalez\/#blogposting","name":"Destaca prensa alemana presentaci\u00f3n del bailar\u00edn y maestro cubano Amilcar Moret Gonz\u00e1lez | AfroKuba","headline":"Destaca prensa alemana presentaci\u00f3n del bailar\u00edn y maestro cubano Amilcar Moret Gonz\u00e1lez","author":{"@id":"https:\/\/www.afrokuba.com\/en\/author\/afrokuba\/#author"},"publisher":{"@id":"https:\/\/www.afrokuba.com\/en\/#person"},"image":{"@type":"ImageObject","url":"https:\/\/www.afrokuba.com\/wp-content\/uploads\/2022\/04\/portada-1.jpeg","width":1240,"height":620},"datePublished":"2022-04-02T13:27:11-04:00","dateModified":"2022-04-28T08:43:26-04:00","inLanguage":"en-US","mainEntityOfPage":{"@id":"https:\/\/www.afrokuba.com\/en\/2022\/04\/02\/destaca-prensa-alemana-presentacion-del-bailarin-y-maestro-cubano-amilcar-moret-gonzalez\/#webpage"},"isPartOf":{"@id":"https:\/\/www.afrokuba.com\/en\/2022\/04\/02\/destaca-prensa-alemana-presentacion-del-bailarin-y-maestro-cubano-amilcar-moret-gonzalez\/#webpage"},"articleSection":"AfroKuba, Danza, alemania, amilcarmret, danza, internacional, presentaci\u00f3n, Shakespeare"},{"@type":"BreadcrumbList","@id":"https:\/\/www.afrokuba.com\/en\/2022\/04\/02\/destaca-prensa-alemana-presentacion-del-bailarin-y-maestro-cubano-amilcar-moret-gonzalez\/#breadcrumblist","itemListElement":[{"@type":"ListItem","@id":"https:\/\/www.afrokuba.com\/en#listItem","position":1,"name":"Inicio","item":"https:\/\/www.afrokuba.com\/en","nextItem":{"@type":"ListItem","@id":"https:\/\/www.afrokuba.com\/en\/category\/afrokuba\/#listItem","name":"AfroKuba"}},{"@type":"ListItem","@id":"https:\/\/www.afrokuba.com\/en\/category\/afrokuba\/#listItem","position":2,"name":"AfroKuba","item":"https:\/\/www.afrokuba.com\/en\/category\/afrokuba\/","nextItem":{"@type":"ListItem","@id":"https:\/\/www.afrokuba.com\/en\/2022\/04\/02\/destaca-prensa-alemana-presentacion-del-bailarin-y-maestro-cubano-amilcar-moret-gonzalez\/#listItem","name":"Destaca prensa alemana presentaci\u00f3n del bailar\u00edn y maestro cubano Amilcar Moret Gonz\u00e1lez"},"previousItem":{"@type":"ListItem","@id":"https:\/\/www.afrokuba.com\/en#listItem","name":"Inicio"}},{"@type":"ListItem","@id":"https:\/\/www.afrokuba.com\/en\/2022\/04\/02\/destaca-prensa-alemana-presentacion-del-bailarin-y-maestro-cubano-amilcar-moret-gonzalez\/#listItem","position":3,"name":"Destaca prensa alemana presentaci\u00f3n del bailar\u00edn y maestro cubano Amilcar Moret Gonz\u00e1lez","previousItem":{"@type":"ListItem","@id":"https:\/\/www.afrokuba.com\/en\/category\/afrokuba\/#listItem","name":"AfroKuba"}}]},{"@type":"Person","@id":"https:\/\/www.afrokuba.com\/en\/#person","name":"AfroKuba","image":{"@type":"ImageObject","@id":"https:\/\/www.afrokuba.com\/en\/2022\/04\/02\/destaca-prensa-alemana-presentacion-del-bailarin-y-maestro-cubano-amilcar-moret-gonzalez\/#personImage","url":"https:\/\/secure.gravatar.com\/avatar\/afd997acb9542c3283201cbde65b66699099b658e043adf43bf09f0d1d4778a0?s=96&d=mm&r=g","width":96,"height":96,"caption":"AfroKuba"}},{"@type":"Person","@id":"https:\/\/www.afrokuba.com\/en\/author\/afrokuba\/#author","url":"https:\/\/www.afrokuba.com\/en\/author\/afrokuba\/","name":"AfroKuba","image":{"@type":"ImageObject","@id":"https:\/\/www.afrokuba.com\/en\/2022\/04\/02\/destaca-prensa-alemana-presentacion-del-bailarin-y-maestro-cubano-amilcar-moret-gonzalez\/#authorImage","url":"https:\/\/secure.gravatar.com\/avatar\/afd997acb9542c3283201cbde65b66699099b658e043adf43bf09f0d1d4778a0?s=96&d=mm&r=g","width":96,"height":96,"caption":"AfroKuba"}},{"@type":"WebPage","@id":"https:\/\/www.afrokuba.com\/en\/2022\/04\/02\/destaca-prensa-alemana-presentacion-del-bailarin-y-maestro-cubano-amilcar-moret-gonzalez\/#webpage","url":"https:\/\/www.afrokuba.com\/en\/2022\/04\/02\/destaca-prensa-alemana-presentacion-del-bailarin-y-maestro-cubano-amilcar-moret-gonzalez\/","name":"Destaca prensa alemana presentaci\u00f3n del bailar\u00edn y maestro cubano Amilcar Moret Gonz\u00e1lez | AfroKuba","description":"\u201cOthello 2.0\u201d, es el t\u00edtulo del ballet que el bailar\u00edn y maestro Amilcar Moret Gonz\u00e1lez presenta desde este mes en el Teatro Kiel de Alemania","inLanguage":"en-US","isPartOf":{"@id":"https:\/\/www.afrokuba.com\/en\/#website"},"breadcrumb":{"@id":"https:\/\/www.afrokuba.com\/en\/2022\/04\/02\/destaca-prensa-alemana-presentacion-del-bailarin-y-maestro-cubano-amilcar-moret-gonzalez\/#breadcrumblist"},"author":{"@id":"https:\/\/www.afrokuba.com\/en\/author\/afrokuba\/#author"},"creator":{"@id":"https:\/\/www.afrokuba.com\/en\/author\/afrokuba\/#author"},"image":{"@type":"ImageObject","url":"https:\/\/www.afrokuba.com\/wp-content\/uploads\/2022\/04\/portada-1.jpeg","@id":"https:\/\/www.afrokuba.com\/en\/2022\/04\/02\/destaca-prensa-alemana-presentacion-del-bailarin-y-maestro-cubano-amilcar-moret-gonzalez\/#mainImage","width":1240,"height":620},"primaryImageOfPage":{"@id":"https:\/\/www.afrokuba.com\/en\/2022\/04\/02\/destaca-prensa-alemana-presentacion-del-bailarin-y-maestro-cubano-amilcar-moret-gonzalez\/#mainImage"},"datePublished":"2022-04-02T13:27:11-04:00","dateModified":"2022-04-28T08:43:26-04:00"},{"@type":"WebSite","@id":"https:\/\/www.afrokuba.com\/en\/#website","url":"https:\/\/www.afrokuba.com\/en\/","name":"AfroKuba","description":"Proyecto Etnovisual","inLanguage":"en-US","publisher":{"@id":"https:\/\/www.afrokuba.com\/en\/#person"}}]},"og:locale":"en_US","og:site_name":"AfroKuba | Proyecto Etnovisual","og:type":"article","og:title":"Destaca prensa alemana presentaci\u00f3n del bailar\u00edn y maestro cubano Amilcar Moret Gonz\u00e1lez | AfroKuba","og:description":"\u201cOthello 2.0\u201d, es el t\u00edtulo del ballet que el bailar\u00edn y maestro Amilcar Moret Gonz\u00e1lez presenta desde este mes en el Teatro Kiel de Alemania","og:url":"https:\/\/www.afrokuba.com\/en\/2022\/04\/02\/destaca-prensa-alemana-presentacion-del-bailarin-y-maestro-cubano-amilcar-moret-gonzalez\/","og:image":"https:\/\/www.afrokuba.com\/wp-content\/uploads\/2022\/04\/portada-1.jpeg","og:image:secure_url":"https:\/\/www.afrokuba.com\/wp-content\/uploads\/2022\/04\/portada-1.jpeg","og:image:width":1240,"og:image:height":620,"article:published_time":"2022-04-02T13:27:11+00:00","article:modified_time":"2022-04-28T12:43:26+00:00","article:publisher":"https:\/\/www.facebook.com\/afrokuba\/","twitter:card":"summary","twitter:title":"Destaca prensa alemana presentaci\u00f3n del bailar\u00edn y maestro cubano Amilcar Moret Gonz\u00e1lez | AfroKuba","twitter:description":"\u201cOthello 2.0\u201d, es el t\u00edtulo del ballet que el bailar\u00edn y maestro Amilcar Moret Gonz\u00e1lez presenta desde este mes en el Teatro Kiel de Alemania","twitter:image":"https:\/\/www.afrokuba.com\/wp-content\/uploads\/2022\/04\/portada-1.jpeg"},"aioseo_meta_data":{"post_id":"1365","title":null,"description":null,"keywords":[],"keyphrases":{"focus":{"keyphrase":"Amilcar Moret Gonz\u00e1lez","score":76,"analysis":{"keyphraseInTitle":{"title":"Focus keyphrase in SEO title","description":"Focus keyphrase found in SEO title.","score":9,"maxScore":9,"error":0},"keyphraseInDescription":{"title":"Focus keyphrase in meta description","description":"Focus keyphrase found in meta description.","score":9,"maxScore":9,"error":0},"keyphraseLength":{"title":"Focus keyphrase length","description":"Good job!","score":9,"maxScore":9,"error":0,"length":3},"keyphraseInURL":{"title":"Focus keyphrase in URL","description":"Focus keyphrase used in the URL.","score":5,"maxScore":5,"error":0},"keyphraseInIntroduction":{"title":"Focus keyphrase in introduction","description":"Your Focus keyphrase does not appear in the first paragraph. Make sure the topic is clear immediately.","score":3,"maxScore":9,"error":1},"keyphraseInSubHeadings":[],"keyphraseInImageAlt":{"title":"Focus keyphrase in image alt attributes","description":"Focus keyphrase not found in image alt attribute(s). Add an image with your Focus keyphrase as alt text.","score":3,"maxScore":9,"error":1}}},"additional":[]},"primary_term":null,"canonical_url":null,"og_title":null,"og_description":null,"og_object_type":"default","og_image_type":"default","og_image_url":null,"og_image_width":null,"og_image_height":null,"og_image_custom_url":null,"og_image_custom_fields":null,"og_video":"","og_custom_url":null,"og_article_section":null,"og_article_tags":[],"twitter_use_og":false,"twitter_card":"default","twitter_image_type":"default","twitter_image_url":null,"twitter_image_custom_url":null,"twitter_image_custom_fields":null,"twitter_title":null,"twitter_description":null,"schema":{"blockGraphs":[],"customGraphs":[],"default":{"data":{"Article":[],"Course":[],"Dataset":[],"FAQPage":[],"Movie":[],"Person":[],"Product":[],"ProductReview":[],"Car":[],"Recipe":[],"Service":[],"SoftwareApplication":[],"WebPage":[]},"graphName":"","isEnabled":true},"graphs":[]},"schema_type":"default","schema_type_options":"{\"article\":{\"articleType\":\"BlogPosting\"},\"course\":{\"name\":\"\",\"description\":\"\",\"provider\":\"\"},\"faq\":{\"pages\":[]},\"product\":{\"reviews\":[]},\"recipe\":{\"ingredients\":[],\"instructions\":[],\"keywords\":[]},\"software\":{\"reviews\":[],\"operatingSystems\":[]},\"webPage\":{\"webPageType\":\"WebPage\"}}","pillar_content":false,"robots_default":true,"robots_noindex":false,"robots_noarchive":false,"robots_nosnippet":false,"robots_nofollow":false,"robots_noimageindex":false,"robots_noodp":false,"robots_notranslate":false,"robots_max_snippet":"-1","robots_max_videopreview":"-1","robots_max_imagepreview":"large","priority":null,"frequency":"default","local_seo":null,"breadcrumb_settings":null,"limit_modified_date":false,"ai":null,"created":"2022-04-10 22:08:03","updated":"2025-06-03 23:15:07","seo_analyzer_scan_date":null,"focus_keyword":"Amilcar Moret Gonz\u00e1lez","additional_keywords":null,"truseo_locale":null},"aioseo_breadcrumb":"<div class=\"aioseo-breadcrumbs\"><span class=\"aioseo-breadcrumb\">\n\t\t\t<a href=\"https:\/\/www.afrokuba.com\/en\" title=\"Inicio\">Inicio<\/a>\n\t\t<\/span><span class=\"aioseo-breadcrumb-separator\">&raquo;<\/span><span class=\"aioseo-breadcrumb\">\n\t\t\t<a href=\"https:\/\/www.afrokuba.com\/en\/category\/afrokuba\/\" title=\"AfroKuba\">AfroKuba<\/a>\n\t\t<\/span><span class=\"aioseo-breadcrumb-separator\">&raquo;<\/span><span class=\"aioseo-breadcrumb\">\n\t\t\tDestaca prensa alemana presentaci\u00f3n del bailar\u00edn y maestro cubano Amilcar Moret Gonz\u00e1lez\n\t\t<\/span><\/div>","aioseo_breadcrumb_json":[{"label":"Inicio","link":"https:\/\/www.afrokuba.com\/en"},{"label":"AfroKuba","link":"https:\/\/www.afrokuba.com\/en\/category\/afrokuba\/"},{"label":"Destaca prensa alemana presentaci\u00f3n del bailar\u00edn y maestro cubano Amilcar Moret Gonz\u00e1lez","link":"https:\/\/www.afrokuba.com\/en\/2022\/04\/02\/destaca-prensa-alemana-presentacion-del-bailarin-y-maestro-cubano-amilcar-moret-gonzalez\/"}],"jetpack_featured_media_url":"https:\/\/www.afrokuba.com\/wp-content\/uploads\/2022\/04\/portada-1.jpeg","_links":{"self":[{"href":"https:\/\/www.afrokuba.com\/en\/wp-json\/wp\/v2\/posts\/1365","targetHints":{"allow":["GET"]}}],"collection":[{"href":"https:\/\/www.afrokuba.com\/en\/wp-json\/wp\/v2\/posts"}],"about":[{"href":"https:\/\/www.afrokuba.com\/en\/wp-json\/wp\/v2\/types\/post"}],"author":[{"embeddable":true,"href":"https:\/\/www.afrokuba.com\/en\/wp-json\/wp\/v2\/users\/1"}],"replies":[{"embeddable":true,"href":"https:\/\/www.afrokuba.com\/en\/wp-json\/wp\/v2\/comments?post=1365"}],"version-history":[{"count":0,"href":"https:\/\/www.afrokuba.com\/en\/wp-json\/wp\/v2\/posts\/1365\/revisions"}],"wp:featuredmedia":[{"embeddable":true,"href":"https:\/\/www.afrokuba.com\/en\/wp-json\/wp\/v2\/media\/1368"}],"wp:attachment":[{"href":"https:\/\/www.afrokuba.com\/en\/wp-json\/wp\/v2\/media?parent=1365"}],"wp:term":[{"taxonomy":"category","embeddable":true,"href":"https:\/\/www.afrokuba.com\/en\/wp-json\/wp\/v2\/categories?post=1365"},{"taxonomy":"post_tag","embeddable":true,"href":"https:\/\/www.afrokuba.com\/en\/wp-json\/wp\/v2\/tags?post=1365"}],"curies":[{"name":"wp","href":"https:\/\/api.w.org\/{rel}","templated":true}]}}