{"id":2384,"date":"2022-04-26T08:08:00","date_gmt":"2022-04-26T12:08:00","guid":{"rendered":"https:\/\/www.afrokuba.net\/?p=2384"},"modified":"2023-02-08T08:14:36","modified_gmt":"2023-02-08T13:14:36","slug":"otro-reconocimiento-para-la-maestra-rosario-cardenas","status":"publish","type":"post","link":"https:\/\/www.afrokuba.com\/en\/2022\/04\/26\/otro-reconocimiento-para-la-maestra-rosario-cardenas\/","title":{"rendered":"Another recognition for teacher Rosario C\u00e1rdenas"},"content":{"rendered":"<p class=\"wp-block-paragraph\">Cuban director, choreographer and 2013 National Dance Award winner Rosario C\u00e1rdenas recently received the Order of Arts and Letters, in the rank of Chevalier, from the French Ministry of Culture. <\/p>\n\n\n\n<figure class=\"wp-block-image size-full\"><a href=\"https:\/\/www.afrokuba.net\/wp-content\/uploads\/2022\/04\/c07349e7-49ab-4692-b527-8dac6c8a41de-300x225.jpg\"><img fetchpriority=\"high\" decoding=\"async\" width=\"720\" height=\"540\" src=\"https:\/\/www.afrokuba.net\/wp-content\/uploads\/2022\/04\/c07349e7-49ab-4692-b527-8dac6c8a41de.jpg\" alt=\"\" class=\"wp-image-2382\" srcset=\"https:\/\/www.afrokuba.com\/wp-content\/uploads\/2022\/04\/c07349e7-49ab-4692-b527-8dac6c8a41de.jpg 720w, https:\/\/www.afrokuba.com\/wp-content\/uploads\/2022\/04\/c07349e7-49ab-4692-b527-8dac6c8a41de-300x225.jpg 300w, https:\/\/www.afrokuba.com\/wp-content\/uploads\/2022\/04\/c07349e7-49ab-4692-b527-8dac6c8a41de-16x12.jpg 16w\" sizes=\"(max-width: 720px) 100vw, 720px\" \/><\/a><\/figure>\n\n\n\n<p class=\"wp-block-paragraph\">Rosario Cardenas was a dancer, teacher and choreographer of Contemporary Dance of Cuba until 1990 when she created her own company \"Danza Combinatoria\", which currently bears her name.<\/p>\n\n\n\n<p class=\"wp-block-paragraph\">His many choreographies include: \"D\u00e9dalo\", \"Imago\", \"Dador\", \"Germinal\", \"Mar\u00eda Viv\u00e1n\", \"Canci\u00f3n de cuna\", among others.<\/p>\n\n\n\n<figure class=\"wp-block-image size-large\"><img decoding=\"async\" width=\"720\" height=\"720\" src=\"https:\/\/www.afrokuba.net\/wp-content\/uploads\/2022\/04\/cf215a72-ebbf-492b-8098-51124d38c97c.jpg\" alt=\"\" class=\"wp-image-2383\" srcset=\"https:\/\/www.afrokuba.com\/wp-content\/uploads\/2022\/04\/cf215a72-ebbf-492b-8098-51124d38c97c.jpg 720w, https:\/\/www.afrokuba.com\/wp-content\/uploads\/2022\/04\/cf215a72-ebbf-492b-8098-51124d38c97c-300x300.jpg 300w, https:\/\/www.afrokuba.com\/wp-content\/uploads\/2022\/04\/cf215a72-ebbf-492b-8098-51124d38c97c-150x150.jpg 150w, https:\/\/www.afrokuba.com\/wp-content\/uploads\/2022\/04\/cf215a72-ebbf-492b-8098-51124d38c97c-12x12.jpg 12w\" sizes=\"(max-width: 720px) 100vw, 720px\" \/><\/figure>\n\n\n\n<p class=\"wp-block-paragraph\">The teacher Rosario Cardenas was one of the members of the jury of the XXVII International Meeting of the Academy for the Teaching of Ballet, held recently in Cuba.<\/p>\n\n\n\n<p class=\"wp-block-paragraph\">Source: <a rel=\"noreferrer noopener\" href=\"http:\/\/www.todaladanza.cult.cu\/\" target=\"_blank\">Toda la Danza<\/a><\/p>\n\n\n\n<p class=\"wp-block-paragraph\">Photos taken from his Facebook profile<\/p>","protected":false},"excerpt":{"rendered":"<p>Cuban director, choreographer and 2013 National Dance Award winner Rosario C\u00e1rdenas recently received the Order of Arts and Letters.<\/p>","protected":false},"author":1,"featured_media":2382,"comment_status":"open","ping_status":"open","sticky":false,"template":"","format":"standard","meta":{"footnotes":"","_links_to":"","_links_to_target":""},"categories":[90,201],"tags":[12,43,133,132],"class_list":["post-2384","post","type-post","status-publish","format-standard","has-post-thumbnail","hentry","category-danza","category-danza-contemporanea","tag-afrokuba","tag-danza","tag-reconocimiento","tag-rosariocardenas","post-with-thumbnail","post-with-thumbnail-large"],"aioseo_notices":[],"aioseo_head":"\n\t\t<!-- All in One SEO 5.0.1.1 - aioseo.com -->\n\t<meta name=\"description\" content=\"La directora cubana, core\u00f3grafa y Premio Nacional de Danza 2013, Rosario C\u00e1rdenas, recibi\u00f3 recientemente la Orden de las Artes y las Letras.\" \/>\n\t<meta name=\"robots\" content=\"max-image-preview:large\" \/>\n\t<meta name=\"author\" content=\"AfroKuba\"\/>\n\t<link rel=\"canonical\" href=\"https:\/\/www.afrokuba.com\/en\/2022\/04\/26\/otro-reconocimiento-para-la-maestra-rosario-cardenas\/\" \/>\n\t<meta name=\"generator\" content=\"All in One SEO (AIOSEO) 5.0.1.1\" \/>\n\t\t<meta property=\"og:locale\" content=\"en_US\" \/>\n\t\t<meta property=\"og:site_name\" content=\"AfroKuba | Proyecto Etnovisual\" \/>\n\t\t<meta property=\"og:type\" content=\"article\" \/>\n\t\t<meta property=\"og:title\" content=\"Otro reconocimiento para la maestra Rosario C\u00e1rdenas | AfroKuba\" \/>\n\t\t<meta property=\"og:description\" content=\"La directora cubana, core\u00f3grafa y Premio Nacional de Danza 2013, Rosario C\u00e1rdenas, recibi\u00f3 recientemente la Orden de las Artes y las Letras.\" \/>\n\t\t<meta property=\"og:url\" content=\"https:\/\/www.afrokuba.com\/en\/2022\/04\/26\/otro-reconocimiento-para-la-maestra-rosario-cardenas\/\" \/>\n\t\t<meta property=\"og:image\" content=\"https:\/\/www.afrokuba.com\/wp-content\/uploads\/2022\/04\/c07349e7-49ab-4692-b527-8dac6c8a41de.jpg\" \/>\n\t\t<meta property=\"og:image:secure_url\" content=\"https:\/\/www.afrokuba.com\/wp-content\/uploads\/2022\/04\/c07349e7-49ab-4692-b527-8dac6c8a41de.jpg\" \/>\n\t\t<meta property=\"og:image:width\" content=\"720\" \/>\n\t\t<meta property=\"og:image:height\" content=\"540\" \/>\n\t\t<meta property=\"article:published_time\" content=\"2022-04-26T12:08:00+00:00\" \/>\n\t\t<meta property=\"article:modified_time\" content=\"2023-02-08T13:14:36+00:00\" \/>\n\t\t<meta property=\"article:publisher\" content=\"https:\/\/www.facebook.com\/afrokuba\/\" \/>\n\t\t<meta name=\"twitter:card\" content=\"summary\" \/>\n\t\t<meta name=\"twitter:title\" content=\"Otro reconocimiento para la maestra Rosario C\u00e1rdenas | AfroKuba\" \/>\n\t\t<meta name=\"twitter:description\" content=\"La directora cubana, core\u00f3grafa y Premio Nacional de Danza 2013, Rosario C\u00e1rdenas, recibi\u00f3 recientemente la Orden de las Artes y las Letras.\" \/>\n\t\t<meta name=\"twitter:image\" content=\"https:\/\/www.afrokuba.com\/wp-content\/uploads\/2022\/04\/c07349e7-49ab-4692-b527-8dac6c8a41de.jpg\" \/>\n\t\t<script type=\"application\/ld+json\" class=\"aioseo-schema\">\n\t\t\t{\"@context\":\"https:\\\/\\\/schema.org\",\"@graph\":[{\"@type\":\"BlogPosting\",\"@id\":\"https:\\\/\\\/www.afrokuba.com\\\/en\\\/2022\\\/04\\\/26\\\/otro-reconocimiento-para-la-maestra-rosario-cardenas\\\/#blogposting\",\"name\":\"Otro reconocimiento para la maestra Rosario C\\u00e1rdenas | AfroKuba\",\"headline\":\"Otro reconocimiento para la maestra Rosario C\\u00e1rdenas\",\"author\":{\"@id\":\"https:\\\/\\\/www.afrokuba.com\\\/en\\\/author\\\/afrokuba\\\/#author\"},\"publisher\":{\"@id\":\"https:\\\/\\\/www.afrokuba.com\\\/en\\\/#person\"},\"image\":{\"@type\":\"ImageObject\",\"url\":\"https:\\\/\\\/www.afrokuba.com\\\/wp-content\\\/uploads\\\/2022\\\/04\\\/c07349e7-49ab-4692-b527-8dac6c8a41de.jpg\",\"width\":720,\"height\":540},\"datePublished\":\"2022-04-26T08:08:00-04:00\",\"dateModified\":\"2023-02-08T08:14:36-05:00\",\"inLanguage\":\"en-US\",\"mainEntityOfPage\":{\"@id\":\"https:\\\/\\\/www.afrokuba.com\\\/en\\\/2022\\\/04\\\/26\\\/otro-reconocimiento-para-la-maestra-rosario-cardenas\\\/#webpage\"},\"isPartOf\":{\"@id\":\"https:\\\/\\\/www.afrokuba.com\\\/en\\\/2022\\\/04\\\/26\\\/otro-reconocimiento-para-la-maestra-rosario-cardenas\\\/#webpage\"},\"articleSection\":\"Danza, Danza Contempor\\u00e1nea, afrokuba, danza, reconocimiento, RosarioCardenas\"},{\"@type\":\"BreadcrumbList\",\"@id\":\"https:\\\/\\\/www.afrokuba.com\\\/en\\\/2022\\\/04\\\/26\\\/otro-reconocimiento-para-la-maestra-rosario-cardenas\\\/#breadcrumblist\",\"itemListElement\":[{\"@type\":\"ListItem\",\"@id\":\"https:\\\/\\\/www.afrokuba.com\\\/en#listItem\",\"position\":1,\"name\":\"Inicio\",\"item\":\"https:\\\/\\\/www.afrokuba.com\\\/en\",\"nextItem\":{\"@type\":\"ListItem\",\"@id\":\"https:\\\/\\\/www.afrokuba.com\\\/en\\\/category\\\/danza\\\/#listItem\",\"name\":\"Danza\"}},{\"@type\":\"ListItem\",\"@id\":\"https:\\\/\\\/www.afrokuba.com\\\/en\\\/category\\\/danza\\\/#listItem\",\"position\":2,\"name\":\"Danza\",\"item\":\"https:\\\/\\\/www.afrokuba.com\\\/en\\\/category\\\/danza\\\/\",\"nextItem\":{\"@type\":\"ListItem\",\"@id\":\"https:\\\/\\\/www.afrokuba.com\\\/en\\\/category\\\/danza\\\/danza-contemporanea\\\/#listItem\",\"name\":\"Danza Contempor\\u00e1nea\"},\"previousItem\":{\"@type\":\"ListItem\",\"@id\":\"https:\\\/\\\/www.afrokuba.com\\\/en#listItem\",\"name\":\"Inicio\"}},{\"@type\":\"ListItem\",\"@id\":\"https:\\\/\\\/www.afrokuba.com\\\/en\\\/category\\\/danza\\\/danza-contemporanea\\\/#listItem\",\"position\":3,\"name\":\"Danza Contempor\\u00e1nea\",\"item\":\"https:\\\/\\\/www.afrokuba.com\\\/en\\\/category\\\/danza\\\/danza-contemporanea\\\/\",\"nextItem\":{\"@type\":\"ListItem\",\"@id\":\"https:\\\/\\\/www.afrokuba.com\\\/en\\\/2022\\\/04\\\/26\\\/otro-reconocimiento-para-la-maestra-rosario-cardenas\\\/#listItem\",\"name\":\"Otro reconocimiento para la maestra Rosario C\\u00e1rdenas\"},\"previousItem\":{\"@type\":\"ListItem\",\"@id\":\"https:\\\/\\\/www.afrokuba.com\\\/en\\\/category\\\/danza\\\/#listItem\",\"name\":\"Danza\"}},{\"@type\":\"ListItem\",\"@id\":\"https:\\\/\\\/www.afrokuba.com\\\/en\\\/2022\\\/04\\\/26\\\/otro-reconocimiento-para-la-maestra-rosario-cardenas\\\/#listItem\",\"position\":4,\"name\":\"Otro reconocimiento para la maestra Rosario C\\u00e1rdenas\",\"previousItem\":{\"@type\":\"ListItem\",\"@id\":\"https:\\\/\\\/www.afrokuba.com\\\/en\\\/category\\\/danza\\\/danza-contemporanea\\\/#listItem\",\"name\":\"Danza Contempor\\u00e1nea\"}}]},{\"@type\":\"Person\",\"@id\":\"https:\\\/\\\/www.afrokuba.com\\\/en\\\/#person\",\"name\":\"AfroKuba\",\"image\":{\"@type\":\"ImageObject\",\"@id\":\"https:\\\/\\\/www.afrokuba.com\\\/en\\\/2022\\\/04\\\/26\\\/otro-reconocimiento-para-la-maestra-rosario-cardenas\\\/#personImage\",\"url\":\"https:\\\/\\\/secure.gravatar.com\\\/avatar\\\/afd997acb9542c3283201cbde65b66699099b658e043adf43bf09f0d1d4778a0?s=96&d=mm&r=g\",\"width\":96,\"height\":96,\"caption\":\"AfroKuba\"}},{\"@type\":\"Person\",\"@id\":\"https:\\\/\\\/www.afrokuba.com\\\/en\\\/author\\\/afrokuba\\\/#author\",\"url\":\"https:\\\/\\\/www.afrokuba.com\\\/en\\\/author\\\/afrokuba\\\/\",\"name\":\"AfroKuba\",\"image\":{\"@type\":\"ImageObject\",\"@id\":\"https:\\\/\\\/www.afrokuba.com\\\/en\\\/2022\\\/04\\\/26\\\/otro-reconocimiento-para-la-maestra-rosario-cardenas\\\/#authorImage\",\"url\":\"https:\\\/\\\/secure.gravatar.com\\\/avatar\\\/afd997acb9542c3283201cbde65b66699099b658e043adf43bf09f0d1d4778a0?s=96&d=mm&r=g\",\"width\":96,\"height\":96,\"caption\":\"AfroKuba\"}},{\"@type\":\"WebPage\",\"@id\":\"https:\\\/\\\/www.afrokuba.com\\\/en\\\/2022\\\/04\\\/26\\\/otro-reconocimiento-para-la-maestra-rosario-cardenas\\\/#webpage\",\"url\":\"https:\\\/\\\/www.afrokuba.com\\\/en\\\/2022\\\/04\\\/26\\\/otro-reconocimiento-para-la-maestra-rosario-cardenas\\\/\",\"name\":\"Otro reconocimiento para la maestra Rosario C\\u00e1rdenas | AfroKuba\",\"description\":\"La directora cubana, core\\u00f3grafa y Premio Nacional de Danza 2013, Rosario C\\u00e1rdenas, recibi\\u00f3 recientemente la Orden de las Artes y las Letras.\",\"inLanguage\":\"en-US\",\"isPartOf\":{\"@id\":\"https:\\\/\\\/www.afrokuba.com\\\/en\\\/#website\"},\"breadcrumb\":{\"@id\":\"https:\\\/\\\/www.afrokuba.com\\\/en\\\/2022\\\/04\\\/26\\\/otro-reconocimiento-para-la-maestra-rosario-cardenas\\\/#breadcrumblist\"},\"author\":{\"@id\":\"https:\\\/\\\/www.afrokuba.com\\\/en\\\/author\\\/afrokuba\\\/#author\"},\"creator\":{\"@id\":\"https:\\\/\\\/www.afrokuba.com\\\/en\\\/author\\\/afrokuba\\\/#author\"},\"image\":{\"@type\":\"ImageObject\",\"url\":\"https:\\\/\\\/www.afrokuba.com\\\/wp-content\\\/uploads\\\/2022\\\/04\\\/c07349e7-49ab-4692-b527-8dac6c8a41de.jpg\",\"@id\":\"https:\\\/\\\/www.afrokuba.com\\\/en\\\/2022\\\/04\\\/26\\\/otro-reconocimiento-para-la-maestra-rosario-cardenas\\\/#mainImage\",\"width\":720,\"height\":540},\"primaryImageOfPage\":{\"@id\":\"https:\\\/\\\/www.afrokuba.com\\\/en\\\/2022\\\/04\\\/26\\\/otro-reconocimiento-para-la-maestra-rosario-cardenas\\\/#mainImage\"},\"datePublished\":\"2022-04-26T08:08:00-04:00\",\"dateModified\":\"2023-02-08T08:14:36-05:00\"},{\"@type\":\"WebSite\",\"@id\":\"https:\\\/\\\/www.afrokuba.com\\\/en\\\/#website\",\"url\":\"https:\\\/\\\/www.afrokuba.com\\\/en\\\/\",\"name\":\"AfroKuba\",\"description\":\"Proyecto Etnovisual\",\"inLanguage\":\"en-US\",\"publisher\":{\"@id\":\"https:\\\/\\\/www.afrokuba.com\\\/en\\\/#person\"}}]}\n\t\t<\/script>\n\t\t<!-- All in One SEO -->\n\n","aioseo_head_json":{"title":"Otro reconocimiento para la maestra Rosario C\u00e1rdenas | AfroKuba","description":"La directora cubana, core\u00f3grafa y Premio Nacional de Danza 2013, Rosario C\u00e1rdenas, recibi\u00f3 recientemente la Orden de las Artes y las Letras.","canonical_url":"https:\/\/www.afrokuba.com\/en\/2022\/04\/26\/otro-reconocimiento-para-la-maestra-rosario-cardenas\/","robots":"max-image-preview:large","keywords":"","webmasterTools":{"miscellaneous":""},"schema":{"@context":"https:\/\/schema.org","@graph":[{"@type":"BlogPosting","@id":"https:\/\/www.afrokuba.com\/en\/2022\/04\/26\/otro-reconocimiento-para-la-maestra-rosario-cardenas\/#blogposting","name":"Otro reconocimiento para la maestra Rosario C\u00e1rdenas | AfroKuba","headline":"Otro reconocimiento para la maestra Rosario C\u00e1rdenas","author":{"@id":"https:\/\/www.afrokuba.com\/en\/author\/afrokuba\/#author"},"publisher":{"@id":"https:\/\/www.afrokuba.com\/en\/#person"},"image":{"@type":"ImageObject","url":"https:\/\/www.afrokuba.com\/wp-content\/uploads\/2022\/04\/c07349e7-49ab-4692-b527-8dac6c8a41de.jpg","width":720,"height":540},"datePublished":"2022-04-26T08:08:00-04:00","dateModified":"2023-02-08T08:14:36-05:00","inLanguage":"en-US","mainEntityOfPage":{"@id":"https:\/\/www.afrokuba.com\/en\/2022\/04\/26\/otro-reconocimiento-para-la-maestra-rosario-cardenas\/#webpage"},"isPartOf":{"@id":"https:\/\/www.afrokuba.com\/en\/2022\/04\/26\/otro-reconocimiento-para-la-maestra-rosario-cardenas\/#webpage"},"articleSection":"Danza, Danza Contempor\u00e1nea, afrokuba, danza, reconocimiento, RosarioCardenas"},{"@type":"BreadcrumbList","@id":"https:\/\/www.afrokuba.com\/en\/2022\/04\/26\/otro-reconocimiento-para-la-maestra-rosario-cardenas\/#breadcrumblist","itemListElement":[{"@type":"ListItem","@id":"https:\/\/www.afrokuba.com\/en#listItem","position":1,"name":"Inicio","item":"https:\/\/www.afrokuba.com\/en","nextItem":{"@type":"ListItem","@id":"https:\/\/www.afrokuba.com\/en\/category\/danza\/#listItem","name":"Danza"}},{"@type":"ListItem","@id":"https:\/\/www.afrokuba.com\/en\/category\/danza\/#listItem","position":2,"name":"Danza","item":"https:\/\/www.afrokuba.com\/en\/category\/danza\/","nextItem":{"@type":"ListItem","@id":"https:\/\/www.afrokuba.com\/en\/category\/danza\/danza-contemporanea\/#listItem","name":"Danza Contempor\u00e1nea"},"previousItem":{"@type":"ListItem","@id":"https:\/\/www.afrokuba.com\/en#listItem","name":"Inicio"}},{"@type":"ListItem","@id":"https:\/\/www.afrokuba.com\/en\/category\/danza\/danza-contemporanea\/#listItem","position":3,"name":"Danza Contempor\u00e1nea","item":"https:\/\/www.afrokuba.com\/en\/category\/danza\/danza-contemporanea\/","nextItem":{"@type":"ListItem","@id":"https:\/\/www.afrokuba.com\/en\/2022\/04\/26\/otro-reconocimiento-para-la-maestra-rosario-cardenas\/#listItem","name":"Otro reconocimiento para la maestra Rosario C\u00e1rdenas"},"previousItem":{"@type":"ListItem","@id":"https:\/\/www.afrokuba.com\/en\/category\/danza\/#listItem","name":"Danza"}},{"@type":"ListItem","@id":"https:\/\/www.afrokuba.com\/en\/2022\/04\/26\/otro-reconocimiento-para-la-maestra-rosario-cardenas\/#listItem","position":4,"name":"Otro reconocimiento para la maestra Rosario C\u00e1rdenas","previousItem":{"@type":"ListItem","@id":"https:\/\/www.afrokuba.com\/en\/category\/danza\/danza-contemporanea\/#listItem","name":"Danza Contempor\u00e1nea"}}]},{"@type":"Person","@id":"https:\/\/www.afrokuba.com\/en\/#person","name":"AfroKuba","image":{"@type":"ImageObject","@id":"https:\/\/www.afrokuba.com\/en\/2022\/04\/26\/otro-reconocimiento-para-la-maestra-rosario-cardenas\/#personImage","url":"https:\/\/secure.gravatar.com\/avatar\/afd997acb9542c3283201cbde65b66699099b658e043adf43bf09f0d1d4778a0?s=96&d=mm&r=g","width":96,"height":96,"caption":"AfroKuba"}},{"@type":"Person","@id":"https:\/\/www.afrokuba.com\/en\/author\/afrokuba\/#author","url":"https:\/\/www.afrokuba.com\/en\/author\/afrokuba\/","name":"AfroKuba","image":{"@type":"ImageObject","@id":"https:\/\/www.afrokuba.com\/en\/2022\/04\/26\/otro-reconocimiento-para-la-maestra-rosario-cardenas\/#authorImage","url":"https:\/\/secure.gravatar.com\/avatar\/afd997acb9542c3283201cbde65b66699099b658e043adf43bf09f0d1d4778a0?s=96&d=mm&r=g","width":96,"height":96,"caption":"AfroKuba"}},{"@type":"WebPage","@id":"https:\/\/www.afrokuba.com\/en\/2022\/04\/26\/otro-reconocimiento-para-la-maestra-rosario-cardenas\/#webpage","url":"https:\/\/www.afrokuba.com\/en\/2022\/04\/26\/otro-reconocimiento-para-la-maestra-rosario-cardenas\/","name":"Otro reconocimiento para la maestra Rosario C\u00e1rdenas | AfroKuba","description":"La directora cubana, core\u00f3grafa y Premio Nacional de Danza 2013, Rosario C\u00e1rdenas, recibi\u00f3 recientemente la Orden de las Artes y las Letras.","inLanguage":"en-US","isPartOf":{"@id":"https:\/\/www.afrokuba.com\/en\/#website"},"breadcrumb":{"@id":"https:\/\/www.afrokuba.com\/en\/2022\/04\/26\/otro-reconocimiento-para-la-maestra-rosario-cardenas\/#breadcrumblist"},"author":{"@id":"https:\/\/www.afrokuba.com\/en\/author\/afrokuba\/#author"},"creator":{"@id":"https:\/\/www.afrokuba.com\/en\/author\/afrokuba\/#author"},"image":{"@type":"ImageObject","url":"https:\/\/www.afrokuba.com\/wp-content\/uploads\/2022\/04\/c07349e7-49ab-4692-b527-8dac6c8a41de.jpg","@id":"https:\/\/www.afrokuba.com\/en\/2022\/04\/26\/otro-reconocimiento-para-la-maestra-rosario-cardenas\/#mainImage","width":720,"height":540},"primaryImageOfPage":{"@id":"https:\/\/www.afrokuba.com\/en\/2022\/04\/26\/otro-reconocimiento-para-la-maestra-rosario-cardenas\/#mainImage"},"datePublished":"2022-04-26T08:08:00-04:00","dateModified":"2023-02-08T08:14:36-05:00"},{"@type":"WebSite","@id":"https:\/\/www.afrokuba.com\/en\/#website","url":"https:\/\/www.afrokuba.com\/en\/","name":"AfroKuba","description":"Proyecto Etnovisual","inLanguage":"en-US","publisher":{"@id":"https:\/\/www.afrokuba.com\/en\/#person"}}]},"og:locale":"en_US","og:site_name":"AfroKuba | Proyecto Etnovisual","og:type":"article","og:title":"Otro reconocimiento para la maestra Rosario C\u00e1rdenas | AfroKuba","og:description":"La directora cubana, core\u00f3grafa y Premio Nacional de Danza 2013, Rosario C\u00e1rdenas, recibi\u00f3 recientemente la Orden de las Artes y las Letras.","og:url":"https:\/\/www.afrokuba.com\/en\/2022\/04\/26\/otro-reconocimiento-para-la-maestra-rosario-cardenas\/","og:image":"https:\/\/www.afrokuba.com\/wp-content\/uploads\/2022\/04\/c07349e7-49ab-4692-b527-8dac6c8a41de.jpg","og:image:secure_url":"https:\/\/www.afrokuba.com\/wp-content\/uploads\/2022\/04\/c07349e7-49ab-4692-b527-8dac6c8a41de.jpg","og:image:width":720,"og:image:height":540,"article:published_time":"2022-04-26T12:08:00+00:00","article:modified_time":"2023-02-08T13:14:36+00:00","article:publisher":"https:\/\/www.facebook.com\/afrokuba\/","twitter:card":"summary","twitter:title":"Otro reconocimiento para la maestra Rosario C\u00e1rdenas | AfroKuba","twitter:description":"La directora cubana, core\u00f3grafa y Premio Nacional de Danza 2013, Rosario C\u00e1rdenas, recibi\u00f3 recientemente la Orden de las Artes y las Letras.","twitter:image":"https:\/\/www.afrokuba.com\/wp-content\/uploads\/2022\/04\/c07349e7-49ab-4692-b527-8dac6c8a41de.jpg"},"aioseo_meta_data":{"post_id":"2384","title":null,"description":null,"keywords":[],"keyphrases":{"focus":{"keyphrase":"Rosario C\u00e1rdenas","score":88,"analysis":{"keyphraseInTitle":{"score":9,"maxScore":9,"error":0},"keyphraseInDescription":{"score":9,"maxScore":9,"error":0},"keyphraseLength":{"score":9,"maxScore":9,"error":0,"length":2},"keyphraseInURL":{"score":5,"maxScore":5,"error":0},"keyphraseInIntroduction":{"score":9,"maxScore":9,"error":0},"keyphraseInSubHeadings":[],"keyphraseInImageAlt":{"score":3,"maxScore":9,"error":1}}},"additional":[]},"primary_term":null,"canonical_url":null,"og_title":null,"og_description":null,"og_object_type":"default","og_image_type":"default","og_image_url":null,"og_image_width":null,"og_image_height":null,"og_image_custom_url":null,"og_image_custom_fields":null,"og_video":"","og_custom_url":null,"og_article_section":null,"og_article_tags":[],"twitter_use_og":false,"twitter_card":"default","twitter_image_type":"default","twitter_image_url":null,"twitter_image_custom_url":null,"twitter_image_custom_fields":null,"twitter_title":null,"twitter_description":null,"schema":{"blockGraphs":[],"customGraphs":[],"default":{"data":{"Article":[],"Course":[],"Dataset":[],"FAQPage":[],"Movie":[],"Person":[],"Product":[],"ProductReview":[],"Car":[],"Recipe":[],"Service":[],"SoftwareApplication":[],"WebPage":[]},"graphName":"BlogPosting","isEnabled":true},"graphs":[]},"schema_type":"default","schema_type_options":"{\"article\":{\"articleType\":\"BlogPosting\"},\"course\":{\"name\":\"\",\"description\":\"\",\"provider\":\"\"},\"faq\":{\"pages\":[]},\"product\":{\"reviews\":[]},\"recipe\":{\"ingredients\":[],\"instructions\":[],\"keywords\":[]},\"software\":{\"reviews\":[],\"operatingSystems\":[]},\"webPage\":{\"webPageType\":\"WebPage\"}}","pillar_content":false,"robots_default":true,"robots_noindex":false,"robots_noarchive":false,"robots_nosnippet":false,"robots_nofollow":false,"robots_noimageindex":false,"robots_noodp":false,"robots_notranslate":false,"robots_max_snippet":"-1","robots_max_videopreview":"-1","robots_max_imagepreview":"large","priority":null,"frequency":"default","local_seo":null,"breadcrumb_settings":null,"limit_modified_date":false,"ai":null,"created":"2022-04-26 15:33:51","updated":"2025-06-04 01:00:47","seo_analyzer_scan_date":null,"focus_keyword":"Rosario C\u00e1rdenas","additional_keywords":null,"truseo_locale":null},"aioseo_breadcrumb":"<div class=\"aioseo-breadcrumbs\"><span class=\"aioseo-breadcrumb\">\n\t\t\t<a href=\"https:\/\/www.afrokuba.com\/en\" title=\"Inicio\">Inicio<\/a>\n\t\t<\/span><span class=\"aioseo-breadcrumb-separator\">&raquo;<\/span><span class=\"aioseo-breadcrumb\">\n\t\t\t<a href=\"https:\/\/www.afrokuba.com\/en\/category\/danza\/\" title=\"Danza\">Danza<\/a>\n\t\t<\/span><span class=\"aioseo-breadcrumb-separator\">&raquo;<\/span><span class=\"aioseo-breadcrumb\">\n\t\t\t<a href=\"https:\/\/www.afrokuba.com\/en\/category\/danza\/danza-contemporanea\/\" title=\"Danza Contempor\u00e1nea\">Danza Contempor\u00e1nea<\/a>\n\t\t<\/span><span class=\"aioseo-breadcrumb-separator\">&raquo;<\/span><span class=\"aioseo-breadcrumb\">\n\t\t\tOtro reconocimiento para la maestra Rosario C\u00e1rdenas\n\t\t<\/span><\/div>","aioseo_breadcrumb_json":[{"label":"Inicio","link":"https:\/\/www.afrokuba.com\/en"},{"label":"Danza","link":"https:\/\/www.afrokuba.com\/en\/category\/danza\/"},{"label":"Danza Contempor\u00e1nea","link":"https:\/\/www.afrokuba.com\/en\/category\/danza\/danza-contemporanea\/"},{"label":"Otro reconocimiento para la maestra Rosario C\u00e1rdenas","link":"https:\/\/www.afrokuba.com\/en\/2022\/04\/26\/otro-reconocimiento-para-la-maestra-rosario-cardenas\/"}],"jetpack_featured_media_url":"https:\/\/www.afrokuba.com\/wp-content\/uploads\/2022\/04\/c07349e7-49ab-4692-b527-8dac6c8a41de.jpg","_links":{"self":[{"href":"https:\/\/www.afrokuba.com\/en\/wp-json\/wp\/v2\/posts\/2384","targetHints":{"allow":["GET"]}}],"collection":[{"href":"https:\/\/www.afrokuba.com\/en\/wp-json\/wp\/v2\/posts"}],"about":[{"href":"https:\/\/www.afrokuba.com\/en\/wp-json\/wp\/v2\/types\/post"}],"author":[{"embeddable":true,"href":"https:\/\/www.afrokuba.com\/en\/wp-json\/wp\/v2\/users\/1"}],"replies":[{"embeddable":true,"href":"https:\/\/www.afrokuba.com\/en\/wp-json\/wp\/v2\/comments?post=2384"}],"version-history":[{"count":0,"href":"https:\/\/www.afrokuba.com\/en\/wp-json\/wp\/v2\/posts\/2384\/revisions"}],"wp:featuredmedia":[{"embeddable":true,"href":"https:\/\/www.afrokuba.com\/en\/wp-json\/wp\/v2\/media\/2382"}],"wp:attachment":[{"href":"https:\/\/www.afrokuba.com\/en\/wp-json\/wp\/v2\/media?parent=2384"}],"wp:term":[{"taxonomy":"category","embeddable":true,"href":"https:\/\/www.afrokuba.com\/en\/wp-json\/wp\/v2\/categories?post=2384"},{"taxonomy":"post_tag","embeddable":true,"href":"https:\/\/www.afrokuba.com\/en\/wp-json\/wp\/v2\/tags?post=2384"}],"curies":[{"name":"wp","href":"https:\/\/api.w.org\/{rel}","templated":true}]}}