{"id":2632,"date":"2022-05-25T09:16:23","date_gmt":"2022-05-25T13:16:23","guid":{"rendered":"https:\/\/www.afrokuba.net\/2022\/05\/25\/documental-dedicado-a-nuestros-ancestros-especialmente-a-esteban-baro\/"},"modified":"2023-01-03T16:27:20","modified_gmt":"2023-01-03T21:27:20","slug":"documental-dedicado-a-nuestros-ancestros-especialmente-a-esteban-baro","status":"publish","type":"post","link":"https:\/\/www.afrokuba.com\/en\/2022\/05\/25\/documental-dedicado-a-nuestros-ancestros-especialmente-a-esteban-baro\/","title":{"rendered":"Documental: Dedicado a nuestros ancestros especialmente a Esteban Bar\u00f3"},"content":{"rendered":"<p class=\"wp-block-paragraph\">Dedicado a nuestros ancestros especialmente a Esteban Bar\u00f3 (Acho, 1866- Jovellanos-1956) tra\u00eddo como esclavo del antiguo Dahomey a la edad de 8 a\u00f1os.<br>Fund\u00f3 el 7 Noviembre de 1920 la Sociedad Africana San Manuel aid\u00e1jue-d\u00f3aorosu\u00fa dagaguirida atindo oj\u00e4dota .<br>Mantenida por sus hijos Miguelina Bar\u00f3 (1916-2011), Maximiliano Bar\u00f3, Patricio Bar\u00f3, Giraldo Bar\u00f3, Margarita Estelvina, Tomas Ogguere Bar\u00f3, Eleodora Bar\u00f3, Secundino Bar\u00f3, y Blanca Bar\u00f3.<\/p>\n\n\n\n<p class=\"wp-block-paragraph\">Gloria a todos esos africanos arrancados de sus tierras que aportaron un elemento esencial en la cultura cubana.<\/p>\n\n\n\n<div align = \"center\"><iframe src=\"https:\/\/www.facebook.com\/plugins\/video.php?height=411&amp;href=https%3A%2F%2Fwww.facebook.com%2Fafrokuba%2Fvideos%2F143625884368900%2F&amp;show_text=false&amp;width=560&amp;t=0\" style=\"border:none;overflow:hidden\" scrolling=\"no\" allowfullscreen=\"true\" allow=\"autoplay; clipboard-write; encrypted-media; picture-in-picture; web-share\" width=\"560\" height=\"411\" frameborder=\"0\" align = \"middle\"><\/iframe><\/div>","protected":false},"excerpt":{"rendered":"<p>Gloria a todos esos africanos arrancados de sus tierras que aportaron un elemento esencial en la cultura cubana.<\/p>","protected":false},"author":1,"featured_media":2631,"comment_status":"open","ping_status":"open","sticky":false,"template":"","format":"standard","meta":{"footnotes":"","_links_to":"","_links_to_target":""},"categories":[29,191],"tags":[135,163,35,162],"class_list":["post-2632","post","type-post","status-publish","format-standard","has-post-thumbnail","hentry","category-documental","category-homenaje","tag-africa","tag-ancestros","tag-homenaje","tag-religion","post-with-thumbnail","post-with-thumbnail-large"],"aioseo_notices":[],"aioseo_head":"\n\t\t<!-- All in One SEO 5.0.1.1 - aioseo.com -->\n\t<meta name=\"description\" content=\"Gloria a todos esos africanos arrancados de sus tierras que aportaron un elemento esencial en la cultura cubana.\" \/>\n\t<meta name=\"robots\" content=\"max-image-preview:large\" \/>\n\t<meta name=\"author\" content=\"AfroKuba\"\/>\n\t<link rel=\"canonical\" href=\"https:\/\/www.afrokuba.com\/en\/2022\/05\/25\/documental-dedicado-a-nuestros-ancestros-especialmente-a-esteban-baro\/\" \/>\n\t<meta name=\"generator\" content=\"All in One SEO (AIOSEO) 5.0.1.1\" \/>\n\t\t<meta property=\"og:locale\" content=\"en_US\" \/>\n\t\t<meta property=\"og:site_name\" content=\"AfroKuba | Proyecto Etnovisual\" \/>\n\t\t<meta property=\"og:type\" content=\"article\" \/>\n\t\t<meta property=\"og:title\" content=\"Documental: Dedicado a nuestros ancestros especialmente a Esteban Bar\u00f3 | AfroKuba\" \/>\n\t\t<meta property=\"og:description\" content=\"Gloria a todos esos africanos arrancados de sus tierras que aportaron un elemento esencial en la cultura cubana.\" \/>\n\t\t<meta property=\"og:url\" content=\"https:\/\/www.afrokuba.com\/en\/2022\/05\/25\/documental-dedicado-a-nuestros-ancestros-especialmente-a-esteban-baro\/\" \/>\n\t\t<meta property=\"og:image\" content=\"https:\/\/www.afrokuba.com\/wp-content\/uploads\/2022\/05\/img_6237.jpg\" \/>\n\t\t<meta property=\"og:image:secure_url\" content=\"https:\/\/www.afrokuba.com\/wp-content\/uploads\/2022\/05\/img_6237.jpg\" \/>\n\t\t<meta property=\"og:image:width\" content=\"1242\" \/>\n\t\t<meta property=\"og:image:height\" content=\"891\" \/>\n\t\t<meta property=\"article:published_time\" content=\"2022-05-25T13:16:23+00:00\" \/>\n\t\t<meta property=\"article:modified_time\" content=\"2023-01-03T21:27:20+00:00\" \/>\n\t\t<meta property=\"article:publisher\" content=\"https:\/\/www.facebook.com\/afrokuba\/\" \/>\n\t\t<meta name=\"twitter:card\" content=\"summary\" \/>\n\t\t<meta name=\"twitter:title\" content=\"Documental: Dedicado a nuestros ancestros especialmente a Esteban Bar\u00f3 | AfroKuba\" \/>\n\t\t<meta name=\"twitter:description\" content=\"Gloria a todos esos africanos arrancados de sus tierras que aportaron un elemento esencial en la cultura cubana.\" \/>\n\t\t<meta name=\"twitter:image\" content=\"https:\/\/www.afrokuba.com\/wp-content\/uploads\/2022\/05\/img_6237.jpg\" \/>\n\t\t<script type=\"application\/ld+json\" class=\"aioseo-schema\">\n\t\t\t{\"@context\":\"https:\\\/\\\/schema.org\",\"@graph\":[{\"@type\":\"BlogPosting\",\"@id\":\"https:\\\/\\\/www.afrokuba.com\\\/en\\\/2022\\\/05\\\/25\\\/documental-dedicado-a-nuestros-ancestros-especialmente-a-esteban-baro\\\/#blogposting\",\"name\":\"Documental: Dedicado a nuestros ancestros especialmente a Esteban Bar\\u00f3 | AfroKuba\",\"headline\":\"Documental: Dedicado a nuestros ancestros especialmente a Esteban Bar\\u00f3\",\"author\":{\"@id\":\"https:\\\/\\\/www.afrokuba.com\\\/en\\\/author\\\/afrokuba\\\/#author\"},\"publisher\":{\"@id\":\"https:\\\/\\\/www.afrokuba.com\\\/en\\\/#person\"},\"image\":{\"@type\":\"ImageObject\",\"url\":\"https:\\\/\\\/www.afrokuba.com\\\/wp-content\\\/uploads\\\/2022\\\/05\\\/img_6237.jpg\",\"width\":1242,\"height\":891},\"datePublished\":\"2022-05-25T09:16:23-04:00\",\"dateModified\":\"2023-01-03T16:27:20-05:00\",\"inLanguage\":\"en-US\",\"mainEntityOfPage\":{\"@id\":\"https:\\\/\\\/www.afrokuba.com\\\/en\\\/2022\\\/05\\\/25\\\/documental-dedicado-a-nuestros-ancestros-especialmente-a-esteban-baro\\\/#webpage\"},\"isPartOf\":{\"@id\":\"https:\\\/\\\/www.afrokuba.com\\\/en\\\/2022\\\/05\\\/25\\\/documental-dedicado-a-nuestros-ancestros-especialmente-a-esteban-baro\\\/#webpage\"},\"articleSection\":\"Documental, Homenaje, \\u00c1frica, ancestros, homenaje, religi\\u00f3n\"},{\"@type\":\"BreadcrumbList\",\"@id\":\"https:\\\/\\\/www.afrokuba.com\\\/en\\\/2022\\\/05\\\/25\\\/documental-dedicado-a-nuestros-ancestros-especialmente-a-esteban-baro\\\/#breadcrumblist\",\"itemListElement\":[{\"@type\":\"ListItem\",\"@id\":\"https:\\\/\\\/www.afrokuba.com\\\/en#listItem\",\"position\":1,\"name\":\"Inicio\",\"item\":\"https:\\\/\\\/www.afrokuba.com\\\/en\",\"nextItem\":{\"@type\":\"ListItem\",\"@id\":\"https:\\\/\\\/www.afrokuba.com\\\/en\\\/category\\\/documental\\\/#listItem\",\"name\":\"Documental\"}},{\"@type\":\"ListItem\",\"@id\":\"https:\\\/\\\/www.afrokuba.com\\\/en\\\/category\\\/documental\\\/#listItem\",\"position\":2,\"name\":\"Documental\",\"item\":\"https:\\\/\\\/www.afrokuba.com\\\/en\\\/category\\\/documental\\\/\",\"nextItem\":{\"@type\":\"ListItem\",\"@id\":\"https:\\\/\\\/www.afrokuba.com\\\/en\\\/2022\\\/05\\\/25\\\/documental-dedicado-a-nuestros-ancestros-especialmente-a-esteban-baro\\\/#listItem\",\"name\":\"Documental: Dedicado a nuestros ancestros especialmente a Esteban Bar\\u00f3\"},\"previousItem\":{\"@type\":\"ListItem\",\"@id\":\"https:\\\/\\\/www.afrokuba.com\\\/en#listItem\",\"name\":\"Inicio\"}},{\"@type\":\"ListItem\",\"@id\":\"https:\\\/\\\/www.afrokuba.com\\\/en\\\/2022\\\/05\\\/25\\\/documental-dedicado-a-nuestros-ancestros-especialmente-a-esteban-baro\\\/#listItem\",\"position\":3,\"name\":\"Documental: Dedicado a nuestros ancestros especialmente a Esteban Bar\\u00f3\",\"previousItem\":{\"@type\":\"ListItem\",\"@id\":\"https:\\\/\\\/www.afrokuba.com\\\/en\\\/category\\\/documental\\\/#listItem\",\"name\":\"Documental\"}}]},{\"@type\":\"Person\",\"@id\":\"https:\\\/\\\/www.afrokuba.com\\\/en\\\/#person\",\"name\":\"AfroKuba\",\"image\":{\"@type\":\"ImageObject\",\"@id\":\"https:\\\/\\\/www.afrokuba.com\\\/en\\\/2022\\\/05\\\/25\\\/documental-dedicado-a-nuestros-ancestros-especialmente-a-esteban-baro\\\/#personImage\",\"url\":\"https:\\\/\\\/secure.gravatar.com\\\/avatar\\\/afd997acb9542c3283201cbde65b66699099b658e043adf43bf09f0d1d4778a0?s=96&d=mm&r=g\",\"width\":96,\"height\":96,\"caption\":\"AfroKuba\"}},{\"@type\":\"Person\",\"@id\":\"https:\\\/\\\/www.afrokuba.com\\\/en\\\/author\\\/afrokuba\\\/#author\",\"url\":\"https:\\\/\\\/www.afrokuba.com\\\/en\\\/author\\\/afrokuba\\\/\",\"name\":\"AfroKuba\",\"image\":{\"@type\":\"ImageObject\",\"@id\":\"https:\\\/\\\/www.afrokuba.com\\\/en\\\/2022\\\/05\\\/25\\\/documental-dedicado-a-nuestros-ancestros-especialmente-a-esteban-baro\\\/#authorImage\",\"url\":\"https:\\\/\\\/secure.gravatar.com\\\/avatar\\\/afd997acb9542c3283201cbde65b66699099b658e043adf43bf09f0d1d4778a0?s=96&d=mm&r=g\",\"width\":96,\"height\":96,\"caption\":\"AfroKuba\"}},{\"@type\":\"WebPage\",\"@id\":\"https:\\\/\\\/www.afrokuba.com\\\/en\\\/2022\\\/05\\\/25\\\/documental-dedicado-a-nuestros-ancestros-especialmente-a-esteban-baro\\\/#webpage\",\"url\":\"https:\\\/\\\/www.afrokuba.com\\\/en\\\/2022\\\/05\\\/25\\\/documental-dedicado-a-nuestros-ancestros-especialmente-a-esteban-baro\\\/\",\"name\":\"Documental: Dedicado a nuestros ancestros especialmente a Esteban Bar\\u00f3 | AfroKuba\",\"description\":\"Gloria a todos esos africanos arrancados de sus tierras que aportaron un elemento esencial en la cultura cubana.\",\"inLanguage\":\"en-US\",\"isPartOf\":{\"@id\":\"https:\\\/\\\/www.afrokuba.com\\\/en\\\/#website\"},\"breadcrumb\":{\"@id\":\"https:\\\/\\\/www.afrokuba.com\\\/en\\\/2022\\\/05\\\/25\\\/documental-dedicado-a-nuestros-ancestros-especialmente-a-esteban-baro\\\/#breadcrumblist\"},\"author\":{\"@id\":\"https:\\\/\\\/www.afrokuba.com\\\/en\\\/author\\\/afrokuba\\\/#author\"},\"creator\":{\"@id\":\"https:\\\/\\\/www.afrokuba.com\\\/en\\\/author\\\/afrokuba\\\/#author\"},\"image\":{\"@type\":\"ImageObject\",\"url\":\"https:\\\/\\\/www.afrokuba.com\\\/wp-content\\\/uploads\\\/2022\\\/05\\\/img_6237.jpg\",\"@id\":\"https:\\\/\\\/www.afrokuba.com\\\/en\\\/2022\\\/05\\\/25\\\/documental-dedicado-a-nuestros-ancestros-especialmente-a-esteban-baro\\\/#mainImage\",\"width\":1242,\"height\":891},\"primaryImageOfPage\":{\"@id\":\"https:\\\/\\\/www.afrokuba.com\\\/en\\\/2022\\\/05\\\/25\\\/documental-dedicado-a-nuestros-ancestros-especialmente-a-esteban-baro\\\/#mainImage\"},\"datePublished\":\"2022-05-25T09:16:23-04:00\",\"dateModified\":\"2023-01-03T16:27:20-05:00\"},{\"@type\":\"WebSite\",\"@id\":\"https:\\\/\\\/www.afrokuba.com\\\/en\\\/#website\",\"url\":\"https:\\\/\\\/www.afrokuba.com\\\/en\\\/\",\"name\":\"AfroKuba\",\"description\":\"Proyecto Etnovisual\",\"inLanguage\":\"en-US\",\"publisher\":{\"@id\":\"https:\\\/\\\/www.afrokuba.com\\\/en\\\/#person\"}}]}\n\t\t<\/script>\n\t\t<!-- All in One SEO -->\n\n","aioseo_head_json":{"title":"Documental: Dedicado a nuestros ancestros especialmente a Esteban Bar\u00f3 | AfroKuba","description":"Gloria a todos esos africanos arrancados de sus tierras que aportaron un elemento esencial en la cultura cubana.","canonical_url":"https:\/\/www.afrokuba.com\/en\/2022\/05\/25\/documental-dedicado-a-nuestros-ancestros-especialmente-a-esteban-baro\/","robots":"max-image-preview:large","keywords":"","webmasterTools":{"miscellaneous":""},"schema":{"@context":"https:\/\/schema.org","@graph":[{"@type":"BlogPosting","@id":"https:\/\/www.afrokuba.com\/en\/2022\/05\/25\/documental-dedicado-a-nuestros-ancestros-especialmente-a-esteban-baro\/#blogposting","name":"Documental: Dedicado a nuestros ancestros especialmente a Esteban Bar\u00f3 | AfroKuba","headline":"Documental: Dedicado a nuestros ancestros especialmente a Esteban Bar\u00f3","author":{"@id":"https:\/\/www.afrokuba.com\/en\/author\/afrokuba\/#author"},"publisher":{"@id":"https:\/\/www.afrokuba.com\/en\/#person"},"image":{"@type":"ImageObject","url":"https:\/\/www.afrokuba.com\/wp-content\/uploads\/2022\/05\/img_6237.jpg","width":1242,"height":891},"datePublished":"2022-05-25T09:16:23-04:00","dateModified":"2023-01-03T16:27:20-05:00","inLanguage":"en-US","mainEntityOfPage":{"@id":"https:\/\/www.afrokuba.com\/en\/2022\/05\/25\/documental-dedicado-a-nuestros-ancestros-especialmente-a-esteban-baro\/#webpage"},"isPartOf":{"@id":"https:\/\/www.afrokuba.com\/en\/2022\/05\/25\/documental-dedicado-a-nuestros-ancestros-especialmente-a-esteban-baro\/#webpage"},"articleSection":"Documental, Homenaje, \u00c1frica, ancestros, homenaje, religi\u00f3n"},{"@type":"BreadcrumbList","@id":"https:\/\/www.afrokuba.com\/en\/2022\/05\/25\/documental-dedicado-a-nuestros-ancestros-especialmente-a-esteban-baro\/#breadcrumblist","itemListElement":[{"@type":"ListItem","@id":"https:\/\/www.afrokuba.com\/en#listItem","position":1,"name":"Inicio","item":"https:\/\/www.afrokuba.com\/en","nextItem":{"@type":"ListItem","@id":"https:\/\/www.afrokuba.com\/en\/category\/documental\/#listItem","name":"Documental"}},{"@type":"ListItem","@id":"https:\/\/www.afrokuba.com\/en\/category\/documental\/#listItem","position":2,"name":"Documental","item":"https:\/\/www.afrokuba.com\/en\/category\/documental\/","nextItem":{"@type":"ListItem","@id":"https:\/\/www.afrokuba.com\/en\/2022\/05\/25\/documental-dedicado-a-nuestros-ancestros-especialmente-a-esteban-baro\/#listItem","name":"Documental: Dedicado a nuestros ancestros especialmente a Esteban Bar\u00f3"},"previousItem":{"@type":"ListItem","@id":"https:\/\/www.afrokuba.com\/en#listItem","name":"Inicio"}},{"@type":"ListItem","@id":"https:\/\/www.afrokuba.com\/en\/2022\/05\/25\/documental-dedicado-a-nuestros-ancestros-especialmente-a-esteban-baro\/#listItem","position":3,"name":"Documental: Dedicado a nuestros ancestros especialmente a Esteban Bar\u00f3","previousItem":{"@type":"ListItem","@id":"https:\/\/www.afrokuba.com\/en\/category\/documental\/#listItem","name":"Documental"}}]},{"@type":"Person","@id":"https:\/\/www.afrokuba.com\/en\/#person","name":"AfroKuba","image":{"@type":"ImageObject","@id":"https:\/\/www.afrokuba.com\/en\/2022\/05\/25\/documental-dedicado-a-nuestros-ancestros-especialmente-a-esteban-baro\/#personImage","url":"https:\/\/secure.gravatar.com\/avatar\/afd997acb9542c3283201cbde65b66699099b658e043adf43bf09f0d1d4778a0?s=96&d=mm&r=g","width":96,"height":96,"caption":"AfroKuba"}},{"@type":"Person","@id":"https:\/\/www.afrokuba.com\/en\/author\/afrokuba\/#author","url":"https:\/\/www.afrokuba.com\/en\/author\/afrokuba\/","name":"AfroKuba","image":{"@type":"ImageObject","@id":"https:\/\/www.afrokuba.com\/en\/2022\/05\/25\/documental-dedicado-a-nuestros-ancestros-especialmente-a-esteban-baro\/#authorImage","url":"https:\/\/secure.gravatar.com\/avatar\/afd997acb9542c3283201cbde65b66699099b658e043adf43bf09f0d1d4778a0?s=96&d=mm&r=g","width":96,"height":96,"caption":"AfroKuba"}},{"@type":"WebPage","@id":"https:\/\/www.afrokuba.com\/en\/2022\/05\/25\/documental-dedicado-a-nuestros-ancestros-especialmente-a-esteban-baro\/#webpage","url":"https:\/\/www.afrokuba.com\/en\/2022\/05\/25\/documental-dedicado-a-nuestros-ancestros-especialmente-a-esteban-baro\/","name":"Documental: Dedicado a nuestros ancestros especialmente a Esteban Bar\u00f3 | AfroKuba","description":"Gloria a todos esos africanos arrancados de sus tierras que aportaron un elemento esencial en la cultura cubana.","inLanguage":"en-US","isPartOf":{"@id":"https:\/\/www.afrokuba.com\/en\/#website"},"breadcrumb":{"@id":"https:\/\/www.afrokuba.com\/en\/2022\/05\/25\/documental-dedicado-a-nuestros-ancestros-especialmente-a-esteban-baro\/#breadcrumblist"},"author":{"@id":"https:\/\/www.afrokuba.com\/en\/author\/afrokuba\/#author"},"creator":{"@id":"https:\/\/www.afrokuba.com\/en\/author\/afrokuba\/#author"},"image":{"@type":"ImageObject","url":"https:\/\/www.afrokuba.com\/wp-content\/uploads\/2022\/05\/img_6237.jpg","@id":"https:\/\/www.afrokuba.com\/en\/2022\/05\/25\/documental-dedicado-a-nuestros-ancestros-especialmente-a-esteban-baro\/#mainImage","width":1242,"height":891},"primaryImageOfPage":{"@id":"https:\/\/www.afrokuba.com\/en\/2022\/05\/25\/documental-dedicado-a-nuestros-ancestros-especialmente-a-esteban-baro\/#mainImage"},"datePublished":"2022-05-25T09:16:23-04:00","dateModified":"2023-01-03T16:27:20-05:00"},{"@type":"WebSite","@id":"https:\/\/www.afrokuba.com\/en\/#website","url":"https:\/\/www.afrokuba.com\/en\/","name":"AfroKuba","description":"Proyecto Etnovisual","inLanguage":"en-US","publisher":{"@id":"https:\/\/www.afrokuba.com\/en\/#person"}}]},"og:locale":"en_US","og:site_name":"AfroKuba | Proyecto Etnovisual","og:type":"article","og:title":"Documental: Dedicado a nuestros ancestros especialmente a Esteban Bar\u00f3 | AfroKuba","og:description":"Gloria a todos esos africanos arrancados de sus tierras que aportaron un elemento esencial en la cultura cubana.","og:url":"https:\/\/www.afrokuba.com\/en\/2022\/05\/25\/documental-dedicado-a-nuestros-ancestros-especialmente-a-esteban-baro\/","og:image":"https:\/\/www.afrokuba.com\/wp-content\/uploads\/2022\/05\/img_6237.jpg","og:image:secure_url":"https:\/\/www.afrokuba.com\/wp-content\/uploads\/2022\/05\/img_6237.jpg","og:image:width":1242,"og:image:height":891,"article:published_time":"2022-05-25T13:16:23+00:00","article:modified_time":"2023-01-03T21:27:20+00:00","article:publisher":"https:\/\/www.facebook.com\/afrokuba\/","twitter:card":"summary","twitter:title":"Documental: Dedicado a nuestros ancestros especialmente a Esteban Bar\u00f3 | AfroKuba","twitter:description":"Gloria a todos esos africanos arrancados de sus tierras que aportaron un elemento esencial en la cultura cubana.","twitter:image":"https:\/\/www.afrokuba.com\/wp-content\/uploads\/2022\/05\/img_6237.jpg"},"aioseo_meta_data":{"post_id":"2632","title":null,"description":null,"keywords":[],"keyphrases":{"focus":{"keyphrase":"Esteban Baro","score":56,"analysis":{"keyphraseInTitle":{"score":3,"maxScore":9,"error":1},"keyphraseInDescription":{"score":3,"maxScore":9,"error":1},"keyphraseLength":{"score":9,"maxScore":9,"error":0,"length":2},"keyphraseInURL":{"score":5,"maxScore":5,"error":0},"keyphraseInIntroduction":{"score":3,"maxScore":9,"error":1},"keyphraseInSubHeadings":[],"keyphraseInImageAlt":[]}},"additional":[]},"primary_term":null,"canonical_url":null,"og_title":null,"og_description":null,"og_object_type":"default","og_image_type":"default","og_image_url":null,"og_image_width":null,"og_image_height":null,"og_image_custom_url":null,"og_image_custom_fields":null,"og_video":"","og_custom_url":null,"og_article_section":null,"og_article_tags":[],"twitter_use_og":false,"twitter_card":"default","twitter_image_type":"default","twitter_image_url":null,"twitter_image_custom_url":null,"twitter_image_custom_fields":null,"twitter_title":null,"twitter_description":null,"schema":{"blockGraphs":[],"customGraphs":[],"default":{"data":{"Article":[],"Course":[],"Dataset":[],"FAQPage":[],"Movie":[],"Person":[],"Product":[],"ProductReview":[],"Car":[],"Recipe":[],"Service":[],"SoftwareApplication":[],"WebPage":[]},"graphName":"BlogPosting","isEnabled":true},"graphs":[]},"schema_type":"default","schema_type_options":"{\"article\":{\"articleType\":\"BlogPosting\"},\"course\":{\"name\":\"\",\"description\":\"\",\"provider\":\"\"},\"faq\":{\"pages\":[]},\"product\":{\"reviews\":[]},\"recipe\":{\"ingredients\":[],\"instructions\":[],\"keywords\":[]},\"software\":{\"reviews\":[],\"operatingSystems\":[]},\"webPage\":{\"webPageType\":\"WebPage\"}}","pillar_content":false,"robots_default":true,"robots_noindex":false,"robots_noarchive":false,"robots_nosnippet":false,"robots_nofollow":false,"robots_noimageindex":false,"robots_noodp":false,"robots_notranslate":false,"robots_max_snippet":"-1","robots_max_videopreview":"-1","robots_max_imagepreview":"large","priority":null,"frequency":"default","local_seo":null,"breadcrumb_settings":null,"limit_modified_date":false,"ai":null,"created":"2022-05-25 13:24:02","updated":"2025-06-04 01:18:42","seo_analyzer_scan_date":null,"focus_keyword":"Esteban Baro","additional_keywords":null,"truseo_locale":null},"aioseo_breadcrumb":"<div class=\"aioseo-breadcrumbs\"><span class=\"aioseo-breadcrumb\">\n\t\t\t<a href=\"https:\/\/www.afrokuba.com\/en\" title=\"Inicio\">Inicio<\/a>\n\t\t<\/span><span class=\"aioseo-breadcrumb-separator\">&raquo;<\/span><span class=\"aioseo-breadcrumb\">\n\t\t\t<a href=\"https:\/\/www.afrokuba.com\/en\/category\/documental\/\" title=\"Documental\">Documental<\/a>\n\t\t<\/span><span class=\"aioseo-breadcrumb-separator\">&raquo;<\/span><span class=\"aioseo-breadcrumb\">\n\t\t\tDocumental: Dedicado a nuestros ancestros especialmente a Esteban Bar\u00f3\n\t\t<\/span><\/div>","aioseo_breadcrumb_json":[{"label":"Inicio","link":"https:\/\/www.afrokuba.com\/en"},{"label":"Documental","link":"https:\/\/www.afrokuba.com\/en\/category\/documental\/"},{"label":"Documental: Dedicado a nuestros ancestros especialmente a Esteban Bar\u00f3","link":"https:\/\/www.afrokuba.com\/en\/2022\/05\/25\/documental-dedicado-a-nuestros-ancestros-especialmente-a-esteban-baro\/"}],"jetpack_featured_media_url":"https:\/\/www.afrokuba.com\/wp-content\/uploads\/2022\/05\/img_6237.jpg","_links":{"self":[{"href":"https:\/\/www.afrokuba.com\/en\/wp-json\/wp\/v2\/posts\/2632","targetHints":{"allow":["GET"]}}],"collection":[{"href":"https:\/\/www.afrokuba.com\/en\/wp-json\/wp\/v2\/posts"}],"about":[{"href":"https:\/\/www.afrokuba.com\/en\/wp-json\/wp\/v2\/types\/post"}],"author":[{"embeddable":true,"href":"https:\/\/www.afrokuba.com\/en\/wp-json\/wp\/v2\/users\/1"}],"replies":[{"embeddable":true,"href":"https:\/\/www.afrokuba.com\/en\/wp-json\/wp\/v2\/comments?post=2632"}],"version-history":[{"count":0,"href":"https:\/\/www.afrokuba.com\/en\/wp-json\/wp\/v2\/posts\/2632\/revisions"}],"wp:featuredmedia":[{"embeddable":true,"href":"https:\/\/www.afrokuba.com\/en\/wp-json\/wp\/v2\/media\/2631"}],"wp:attachment":[{"href":"https:\/\/www.afrokuba.com\/en\/wp-json\/wp\/v2\/media?parent=2632"}],"wp:term":[{"taxonomy":"category","embeddable":true,"href":"https:\/\/www.afrokuba.com\/en\/wp-json\/wp\/v2\/categories?post=2632"},{"taxonomy":"post_tag","embeddable":true,"href":"https:\/\/www.afrokuba.com\/en\/wp-json\/wp\/v2\/tags?post=2632"}],"curies":[{"name":"wp","href":"https:\/\/api.w.org\/{rel}","templated":true}]}}