{"id":2958,"date":"2022-07-08T10:55:02","date_gmt":"2022-07-08T14:55:02","guid":{"rendered":"https:\/\/www.afrokuba.net\/?p=2958"},"modified":"2022-07-09T10:37:22","modified_gmt":"2022-07-09T14:37:22","slug":"reminiscencia-a-las-raices","status":"publish","type":"post","link":"https:\/\/www.afrokuba.com\/en\/2022\/07\/08\/reminiscencia-a-las-raices\/","title":{"rendered":"Reminiscencia a las ra\u00edces"},"content":{"rendered":"<p class=\"wp-block-paragraph\">Por Fidel Alejandro Manzanares Fern\u00e1ndez<\/p>\n\n\n\n<p class=\"wp-block-paragraph\"><br>La mayor de las Antillas vuelve a sentir los m\u00e1s profundo de su esencia afrocubana hoy con el inicio en breve del Coloquio Nicol\u00e1s Guill\u00e9n que organiza la fundaci\u00f3n hom\u00f3nima en esta ciudad repleta de patrimonios ancestrales.<br>Guill\u00e9n y su fuerte v\u00ednculo, lazos que entra\u00f1\u00f3 en su viaje a Hait\u00ed hace ya 80 a\u00f1os estar\u00e1n en el centro del debate. Un adelanto de performances sobre la representaci\u00f3n de referentes de la cultura Yoruba estuvo en la Plaza de los Trabajadores y ahora les llega en im\u00e1genes.<\/p>\n\n\n\n<iframe src=\"https:\/\/drive.google.com\/file\/d\/1QInlt6YKy8MJo1lLmheJVRoX8JWL5HTH\/preview\" width=\"640\" height=\"480\" allow=\"autoplay\"><\/iframe>\n\n\n\n<p class=\"wp-block-paragraph\"><\/p>","protected":false},"excerpt":{"rendered":"<p>La mayor de las Antillas vuelve a sentir los m\u00e1s profundo de su esencia afrocubana hoy con el inicio en breve del Coloquio Nicol\u00e1s Guill\u00e9n.<\/p>","protected":false},"author":1,"featured_media":2959,"comment_status":"open","ping_status":"open","sticky":false,"template":"","format":"standard","meta":{"footnotes":"","_links_to":"","_links_to_target":""},"categories":[24],"tags":[20,28,174,35],"class_list":["post-2958","post","type-post","status-publish","format-standard","has-post-thumbnail","hentry","category-coloquio","tag-antropologia","tag-cubaescultura","tag-guillen-2","tag-homenaje","post-with-thumbnail","post-with-thumbnail-large"],"aioseo_notices":[],"aioseo_head":"\n\t\t<!-- All in One SEO 5.0.1.1 - aioseo.com -->\n\t<meta name=\"description\" content=\"La mayor de las Antillas vuelve a sentir los m\u00e1s profundo de su esencia afrocubana hoy con el inicio en breve del Coloquio Nicol\u00e1s Guill\u00e9n.\" \/>\n\t<meta name=\"robots\" content=\"max-image-preview:large\" \/>\n\t<meta name=\"author\" content=\"AfroKuba\"\/>\n\t<link rel=\"canonical\" href=\"https:\/\/www.afrokuba.com\/en\/2022\/07\/08\/reminiscencia-a-las-raices\/\" \/>\n\t<meta name=\"generator\" content=\"All in One SEO (AIOSEO) 5.0.1.1\" \/>\n\t\t<meta property=\"og:locale\" content=\"en_US\" \/>\n\t\t<meta property=\"og:site_name\" content=\"AfroKuba | Proyecto Etnovisual\" \/>\n\t\t<meta property=\"og:type\" content=\"article\" \/>\n\t\t<meta property=\"og:title\" content=\"Reminiscencia a las ra\u00edces | AfroKuba\" \/>\n\t\t<meta property=\"og:description\" content=\"La mayor de las Antillas vuelve a sentir los m\u00e1s profundo de su esencia afrocubana hoy con el inicio en breve del Coloquio Nicol\u00e1s Guill\u00e9n.\" \/>\n\t\t<meta property=\"og:url\" content=\"https:\/\/www.afrokuba.com\/en\/2022\/07\/08\/reminiscencia-a-las-raices\/\" \/>\n\t\t<meta property=\"og:image\" content=\"https:\/\/www.afrokuba.com\/wp-content\/uploads\/2022\/07\/PHOTO-2022-07-07-15-48-33.jpg\" \/>\n\t\t<meta property=\"og:image:secure_url\" content=\"https:\/\/www.afrokuba.com\/wp-content\/uploads\/2022\/07\/PHOTO-2022-07-07-15-48-33.jpg\" \/>\n\t\t<meta property=\"og:image:width\" content=\"1060\" \/>\n\t\t<meta property=\"og:image:height\" content=\"522\" \/>\n\t\t<meta property=\"article:published_time\" content=\"2022-07-08T14:55:02+00:00\" \/>\n\t\t<meta property=\"article:modified_time\" content=\"2022-07-09T14:37:22+00:00\" \/>\n\t\t<meta property=\"article:publisher\" content=\"https:\/\/www.facebook.com\/afrokuba\/\" \/>\n\t\t<meta name=\"twitter:card\" content=\"summary\" \/>\n\t\t<meta name=\"twitter:title\" content=\"Reminiscencia a las ra\u00edces | AfroKuba\" \/>\n\t\t<meta name=\"twitter:description\" content=\"La mayor de las Antillas vuelve a sentir los m\u00e1s profundo de su esencia afrocubana hoy con el inicio en breve del Coloquio Nicol\u00e1s Guill\u00e9n.\" \/>\n\t\t<meta name=\"twitter:image\" content=\"https:\/\/www.afrokuba.com\/wp-content\/uploads\/2022\/07\/PHOTO-2022-07-07-15-48-33.jpg\" \/>\n\t\t<script type=\"application\/ld+json\" class=\"aioseo-schema\">\n\t\t\t{\"@context\":\"https:\\\/\\\/schema.org\",\"@graph\":[{\"@type\":\"BlogPosting\",\"@id\":\"https:\\\/\\\/www.afrokuba.com\\\/en\\\/2022\\\/07\\\/08\\\/reminiscencia-a-las-raices\\\/#blogposting\",\"name\":\"Reminiscencia a las ra\\u00edces | AfroKuba\",\"headline\":\"Reminiscencia a las ra\\u00edces\",\"author\":{\"@id\":\"https:\\\/\\\/www.afrokuba.com\\\/en\\\/author\\\/afrokuba\\\/#author\"},\"publisher\":{\"@id\":\"https:\\\/\\\/www.afrokuba.com\\\/en\\\/#person\"},\"image\":{\"@type\":\"ImageObject\",\"url\":\"https:\\\/\\\/www.afrokuba.com\\\/wp-content\\\/uploads\\\/2022\\\/07\\\/PHOTO-2022-07-07-15-48-33.jpg\",\"width\":1060,\"height\":522},\"datePublished\":\"2022-07-08T10:55:02-04:00\",\"dateModified\":\"2022-07-09T10:37:22-04:00\",\"inLanguage\":\"en-US\",\"mainEntityOfPage\":{\"@id\":\"https:\\\/\\\/www.afrokuba.com\\\/en\\\/2022\\\/07\\\/08\\\/reminiscencia-a-las-raices\\\/#webpage\"},\"isPartOf\":{\"@id\":\"https:\\\/\\\/www.afrokuba.com\\\/en\\\/2022\\\/07\\\/08\\\/reminiscencia-a-las-raices\\\/#webpage\"},\"articleSection\":\"Coloquio, antropolog\\u00eda, CubaEsCultura, guillen, homenaje\"},{\"@type\":\"BreadcrumbList\",\"@id\":\"https:\\\/\\\/www.afrokuba.com\\\/en\\\/2022\\\/07\\\/08\\\/reminiscencia-a-las-raices\\\/#breadcrumblist\",\"itemListElement\":[{\"@type\":\"ListItem\",\"@id\":\"https:\\\/\\\/www.afrokuba.com\\\/en#listItem\",\"position\":1,\"name\":\"Inicio\",\"item\":\"https:\\\/\\\/www.afrokuba.com\\\/en\",\"nextItem\":{\"@type\":\"ListItem\",\"@id\":\"https:\\\/\\\/www.afrokuba.com\\\/en\\\/category\\\/coloquio\\\/#listItem\",\"name\":\"Coloquio\"}},{\"@type\":\"ListItem\",\"@id\":\"https:\\\/\\\/www.afrokuba.com\\\/en\\\/category\\\/coloquio\\\/#listItem\",\"position\":2,\"name\":\"Coloquio\",\"item\":\"https:\\\/\\\/www.afrokuba.com\\\/en\\\/category\\\/coloquio\\\/\",\"nextItem\":{\"@type\":\"ListItem\",\"@id\":\"https:\\\/\\\/www.afrokuba.com\\\/en\\\/2022\\\/07\\\/08\\\/reminiscencia-a-las-raices\\\/#listItem\",\"name\":\"Reminiscencia a las ra\\u00edces\"},\"previousItem\":{\"@type\":\"ListItem\",\"@id\":\"https:\\\/\\\/www.afrokuba.com\\\/en#listItem\",\"name\":\"Inicio\"}},{\"@type\":\"ListItem\",\"@id\":\"https:\\\/\\\/www.afrokuba.com\\\/en\\\/2022\\\/07\\\/08\\\/reminiscencia-a-las-raices\\\/#listItem\",\"position\":3,\"name\":\"Reminiscencia a las ra\\u00edces\",\"previousItem\":{\"@type\":\"ListItem\",\"@id\":\"https:\\\/\\\/www.afrokuba.com\\\/en\\\/category\\\/coloquio\\\/#listItem\",\"name\":\"Coloquio\"}}]},{\"@type\":\"Person\",\"@id\":\"https:\\\/\\\/www.afrokuba.com\\\/en\\\/#person\",\"name\":\"AfroKuba\",\"image\":{\"@type\":\"ImageObject\",\"@id\":\"https:\\\/\\\/www.afrokuba.com\\\/en\\\/2022\\\/07\\\/08\\\/reminiscencia-a-las-raices\\\/#personImage\",\"url\":\"https:\\\/\\\/secure.gravatar.com\\\/avatar\\\/afd997acb9542c3283201cbde65b66699099b658e043adf43bf09f0d1d4778a0?s=96&d=mm&r=g\",\"width\":96,\"height\":96,\"caption\":\"AfroKuba\"}},{\"@type\":\"Person\",\"@id\":\"https:\\\/\\\/www.afrokuba.com\\\/en\\\/author\\\/afrokuba\\\/#author\",\"url\":\"https:\\\/\\\/www.afrokuba.com\\\/en\\\/author\\\/afrokuba\\\/\",\"name\":\"AfroKuba\",\"image\":{\"@type\":\"ImageObject\",\"@id\":\"https:\\\/\\\/www.afrokuba.com\\\/en\\\/2022\\\/07\\\/08\\\/reminiscencia-a-las-raices\\\/#authorImage\",\"url\":\"https:\\\/\\\/secure.gravatar.com\\\/avatar\\\/afd997acb9542c3283201cbde65b66699099b658e043adf43bf09f0d1d4778a0?s=96&d=mm&r=g\",\"width\":96,\"height\":96,\"caption\":\"AfroKuba\"}},{\"@type\":\"WebPage\",\"@id\":\"https:\\\/\\\/www.afrokuba.com\\\/en\\\/2022\\\/07\\\/08\\\/reminiscencia-a-las-raices\\\/#webpage\",\"url\":\"https:\\\/\\\/www.afrokuba.com\\\/en\\\/2022\\\/07\\\/08\\\/reminiscencia-a-las-raices\\\/\",\"name\":\"Reminiscencia a las ra\\u00edces | AfroKuba\",\"description\":\"La mayor de las Antillas vuelve a sentir los m\\u00e1s profundo de su esencia afrocubana hoy con el inicio en breve del Coloquio Nicol\\u00e1s Guill\\u00e9n.\",\"inLanguage\":\"en-US\",\"isPartOf\":{\"@id\":\"https:\\\/\\\/www.afrokuba.com\\\/en\\\/#website\"},\"breadcrumb\":{\"@id\":\"https:\\\/\\\/www.afrokuba.com\\\/en\\\/2022\\\/07\\\/08\\\/reminiscencia-a-las-raices\\\/#breadcrumblist\"},\"author\":{\"@id\":\"https:\\\/\\\/www.afrokuba.com\\\/en\\\/author\\\/afrokuba\\\/#author\"},\"creator\":{\"@id\":\"https:\\\/\\\/www.afrokuba.com\\\/en\\\/author\\\/afrokuba\\\/#author\"},\"image\":{\"@type\":\"ImageObject\",\"url\":\"https:\\\/\\\/www.afrokuba.com\\\/wp-content\\\/uploads\\\/2022\\\/07\\\/PHOTO-2022-07-07-15-48-33.jpg\",\"@id\":\"https:\\\/\\\/www.afrokuba.com\\\/en\\\/2022\\\/07\\\/08\\\/reminiscencia-a-las-raices\\\/#mainImage\",\"width\":1060,\"height\":522},\"primaryImageOfPage\":{\"@id\":\"https:\\\/\\\/www.afrokuba.com\\\/en\\\/2022\\\/07\\\/08\\\/reminiscencia-a-las-raices\\\/#mainImage\"},\"datePublished\":\"2022-07-08T10:55:02-04:00\",\"dateModified\":\"2022-07-09T10:37:22-04:00\"},{\"@type\":\"WebSite\",\"@id\":\"https:\\\/\\\/www.afrokuba.com\\\/en\\\/#website\",\"url\":\"https:\\\/\\\/www.afrokuba.com\\\/en\\\/\",\"name\":\"AfroKuba\",\"description\":\"Proyecto Etnovisual\",\"inLanguage\":\"en-US\",\"publisher\":{\"@id\":\"https:\\\/\\\/www.afrokuba.com\\\/en\\\/#person\"}}]}\n\t\t<\/script>\n\t\t<!-- All in One SEO -->\n\n","aioseo_head_json":{"title":"Reminiscencia a las ra\u00edces | AfroKuba","description":"La mayor de las Antillas vuelve a sentir los m\u00e1s profundo de su esencia afrocubana hoy con el inicio en breve del Coloquio Nicol\u00e1s Guill\u00e9n.","canonical_url":"https:\/\/www.afrokuba.com\/en\/2022\/07\/08\/reminiscencia-a-las-raices\/","robots":"max-image-preview:large","keywords":"","webmasterTools":{"miscellaneous":""},"schema":{"@context":"https:\/\/schema.org","@graph":[{"@type":"BlogPosting","@id":"https:\/\/www.afrokuba.com\/en\/2022\/07\/08\/reminiscencia-a-las-raices\/#blogposting","name":"Reminiscencia a las ra\u00edces | AfroKuba","headline":"Reminiscencia a las ra\u00edces","author":{"@id":"https:\/\/www.afrokuba.com\/en\/author\/afrokuba\/#author"},"publisher":{"@id":"https:\/\/www.afrokuba.com\/en\/#person"},"image":{"@type":"ImageObject","url":"https:\/\/www.afrokuba.com\/wp-content\/uploads\/2022\/07\/PHOTO-2022-07-07-15-48-33.jpg","width":1060,"height":522},"datePublished":"2022-07-08T10:55:02-04:00","dateModified":"2022-07-09T10:37:22-04:00","inLanguage":"en-US","mainEntityOfPage":{"@id":"https:\/\/www.afrokuba.com\/en\/2022\/07\/08\/reminiscencia-a-las-raices\/#webpage"},"isPartOf":{"@id":"https:\/\/www.afrokuba.com\/en\/2022\/07\/08\/reminiscencia-a-las-raices\/#webpage"},"articleSection":"Coloquio, antropolog\u00eda, CubaEsCultura, guillen, homenaje"},{"@type":"BreadcrumbList","@id":"https:\/\/www.afrokuba.com\/en\/2022\/07\/08\/reminiscencia-a-las-raices\/#breadcrumblist","itemListElement":[{"@type":"ListItem","@id":"https:\/\/www.afrokuba.com\/en#listItem","position":1,"name":"Inicio","item":"https:\/\/www.afrokuba.com\/en","nextItem":{"@type":"ListItem","@id":"https:\/\/www.afrokuba.com\/en\/category\/coloquio\/#listItem","name":"Coloquio"}},{"@type":"ListItem","@id":"https:\/\/www.afrokuba.com\/en\/category\/coloquio\/#listItem","position":2,"name":"Coloquio","item":"https:\/\/www.afrokuba.com\/en\/category\/coloquio\/","nextItem":{"@type":"ListItem","@id":"https:\/\/www.afrokuba.com\/en\/2022\/07\/08\/reminiscencia-a-las-raices\/#listItem","name":"Reminiscencia a las ra\u00edces"},"previousItem":{"@type":"ListItem","@id":"https:\/\/www.afrokuba.com\/en#listItem","name":"Inicio"}},{"@type":"ListItem","@id":"https:\/\/www.afrokuba.com\/en\/2022\/07\/08\/reminiscencia-a-las-raices\/#listItem","position":3,"name":"Reminiscencia a las ra\u00edces","previousItem":{"@type":"ListItem","@id":"https:\/\/www.afrokuba.com\/en\/category\/coloquio\/#listItem","name":"Coloquio"}}]},{"@type":"Person","@id":"https:\/\/www.afrokuba.com\/en\/#person","name":"AfroKuba","image":{"@type":"ImageObject","@id":"https:\/\/www.afrokuba.com\/en\/2022\/07\/08\/reminiscencia-a-las-raices\/#personImage","url":"https:\/\/secure.gravatar.com\/avatar\/afd997acb9542c3283201cbde65b66699099b658e043adf43bf09f0d1d4778a0?s=96&d=mm&r=g","width":96,"height":96,"caption":"AfroKuba"}},{"@type":"Person","@id":"https:\/\/www.afrokuba.com\/en\/author\/afrokuba\/#author","url":"https:\/\/www.afrokuba.com\/en\/author\/afrokuba\/","name":"AfroKuba","image":{"@type":"ImageObject","@id":"https:\/\/www.afrokuba.com\/en\/2022\/07\/08\/reminiscencia-a-las-raices\/#authorImage","url":"https:\/\/secure.gravatar.com\/avatar\/afd997acb9542c3283201cbde65b66699099b658e043adf43bf09f0d1d4778a0?s=96&d=mm&r=g","width":96,"height":96,"caption":"AfroKuba"}},{"@type":"WebPage","@id":"https:\/\/www.afrokuba.com\/en\/2022\/07\/08\/reminiscencia-a-las-raices\/#webpage","url":"https:\/\/www.afrokuba.com\/en\/2022\/07\/08\/reminiscencia-a-las-raices\/","name":"Reminiscencia a las ra\u00edces | AfroKuba","description":"La mayor de las Antillas vuelve a sentir los m\u00e1s profundo de su esencia afrocubana hoy con el inicio en breve del Coloquio Nicol\u00e1s Guill\u00e9n.","inLanguage":"en-US","isPartOf":{"@id":"https:\/\/www.afrokuba.com\/en\/#website"},"breadcrumb":{"@id":"https:\/\/www.afrokuba.com\/en\/2022\/07\/08\/reminiscencia-a-las-raices\/#breadcrumblist"},"author":{"@id":"https:\/\/www.afrokuba.com\/en\/author\/afrokuba\/#author"},"creator":{"@id":"https:\/\/www.afrokuba.com\/en\/author\/afrokuba\/#author"},"image":{"@type":"ImageObject","url":"https:\/\/www.afrokuba.com\/wp-content\/uploads\/2022\/07\/PHOTO-2022-07-07-15-48-33.jpg","@id":"https:\/\/www.afrokuba.com\/en\/2022\/07\/08\/reminiscencia-a-las-raices\/#mainImage","width":1060,"height":522},"primaryImageOfPage":{"@id":"https:\/\/www.afrokuba.com\/en\/2022\/07\/08\/reminiscencia-a-las-raices\/#mainImage"},"datePublished":"2022-07-08T10:55:02-04:00","dateModified":"2022-07-09T10:37:22-04:00"},{"@type":"WebSite","@id":"https:\/\/www.afrokuba.com\/en\/#website","url":"https:\/\/www.afrokuba.com\/en\/","name":"AfroKuba","description":"Proyecto Etnovisual","inLanguage":"en-US","publisher":{"@id":"https:\/\/www.afrokuba.com\/en\/#person"}}]},"og:locale":"en_US","og:site_name":"AfroKuba | Proyecto Etnovisual","og:type":"article","og:title":"Reminiscencia a las ra\u00edces | AfroKuba","og:description":"La mayor de las Antillas vuelve a sentir los m\u00e1s profundo de su esencia afrocubana hoy con el inicio en breve del Coloquio Nicol\u00e1s Guill\u00e9n.","og:url":"https:\/\/www.afrokuba.com\/en\/2022\/07\/08\/reminiscencia-a-las-raices\/","og:image":"https:\/\/www.afrokuba.com\/wp-content\/uploads\/2022\/07\/PHOTO-2022-07-07-15-48-33.jpg","og:image:secure_url":"https:\/\/www.afrokuba.com\/wp-content\/uploads\/2022\/07\/PHOTO-2022-07-07-15-48-33.jpg","og:image:width":1060,"og:image:height":522,"article:published_time":"2022-07-08T14:55:02+00:00","article:modified_time":"2022-07-09T14:37:22+00:00","article:publisher":"https:\/\/www.facebook.com\/afrokuba\/","twitter:card":"summary","twitter:title":"Reminiscencia a las ra\u00edces | AfroKuba","twitter:description":"La mayor de las Antillas vuelve a sentir los m\u00e1s profundo de su esencia afrocubana hoy con el inicio en breve del Coloquio Nicol\u00e1s Guill\u00e9n.","twitter:image":"https:\/\/www.afrokuba.com\/wp-content\/uploads\/2022\/07\/PHOTO-2022-07-07-15-48-33.jpg"},"aioseo_meta_data":{"post_id":"2958","title":null,"description":null,"keywords":[],"keyphrases":{"focus":{"keyphrase":"","score":0,"analysis":{"keyphraseInTitle":{"score":0,"maxScore":9,"error":1}}},"additional":[]},"primary_term":null,"canonical_url":null,"og_title":null,"og_description":null,"og_object_type":"default","og_image_type":"default","og_image_url":null,"og_image_width":null,"og_image_height":null,"og_image_custom_url":null,"og_image_custom_fields":null,"og_video":"","og_custom_url":null,"og_article_section":null,"og_article_tags":[],"twitter_use_og":false,"twitter_card":"default","twitter_image_type":"default","twitter_image_url":null,"twitter_image_custom_url":null,"twitter_image_custom_fields":null,"twitter_title":null,"twitter_description":null,"schema":{"blockGraphs":[],"customGraphs":[],"default":{"data":{"Article":[],"Course":[],"Dataset":[],"FAQPage":[],"Movie":[],"Person":[],"Product":[],"ProductReview":[],"Car":[],"Recipe":[],"Service":[],"SoftwareApplication":[],"WebPage":[]},"graphName":"","isEnabled":true},"graphs":[],"defaultGraph":"Article","defaultPostTypeGraph":""},"schema_type":"default","schema_type_options":"{\"article\":{\"articleType\":\"BlogPosting\"},\"course\":{\"name\":\"\",\"description\":\"\",\"provider\":\"\"},\"faq\":{\"pages\":[]},\"product\":{\"reviews\":[]},\"recipe\":{\"ingredients\":[],\"instructions\":[],\"keywords\":[]},\"software\":{\"reviews\":[],\"operatingSystems\":[]},\"webPage\":{\"webPageType\":\"WebPage\"}}","pillar_content":false,"robots_default":true,"robots_noindex":false,"robots_noarchive":false,"robots_nosnippet":false,"robots_nofollow":false,"robots_noimageindex":false,"robots_noodp":false,"robots_notranslate":false,"robots_max_snippet":"-1","robots_max_videopreview":"-1","robots_max_imagepreview":"large","priority":null,"frequency":"default","local_seo":null,"breadcrumb_settings":null,"limit_modified_date":false,"ai":null,"created":"2022-07-08 14:55:11","updated":"2025-06-04 01:41:28","seo_analyzer_scan_date":null,"focus_keyword":null,"additional_keywords":null,"truseo_locale":null},"aioseo_breadcrumb":"<div class=\"aioseo-breadcrumbs\"><span class=\"aioseo-breadcrumb\">\n\t\t\t<a href=\"https:\/\/www.afrokuba.com\/en\" title=\"Inicio\">Inicio<\/a>\n\t\t<\/span><span class=\"aioseo-breadcrumb-separator\">&raquo;<\/span><span class=\"aioseo-breadcrumb\">\n\t\t\t<a href=\"https:\/\/www.afrokuba.com\/en\/category\/coloquio\/\" title=\"Coloquio\">Coloquio<\/a>\n\t\t<\/span><span class=\"aioseo-breadcrumb-separator\">&raquo;<\/span><span class=\"aioseo-breadcrumb\">\n\t\t\tReminiscencia a las ra\u00edces\n\t\t<\/span><\/div>","aioseo_breadcrumb_json":[{"label":"Inicio","link":"https:\/\/www.afrokuba.com\/en"},{"label":"Coloquio","link":"https:\/\/www.afrokuba.com\/en\/category\/coloquio\/"},{"label":"Reminiscencia a las ra\u00edces","link":"https:\/\/www.afrokuba.com\/en\/2022\/07\/08\/reminiscencia-a-las-raices\/"}],"jetpack_featured_media_url":"https:\/\/www.afrokuba.com\/wp-content\/uploads\/2022\/07\/PHOTO-2022-07-07-15-48-33.jpg","_links":{"self":[{"href":"https:\/\/www.afrokuba.com\/en\/wp-json\/wp\/v2\/posts\/2958","targetHints":{"allow":["GET"]}}],"collection":[{"href":"https:\/\/www.afrokuba.com\/en\/wp-json\/wp\/v2\/posts"}],"about":[{"href":"https:\/\/www.afrokuba.com\/en\/wp-json\/wp\/v2\/types\/post"}],"author":[{"embeddable":true,"href":"https:\/\/www.afrokuba.com\/en\/wp-json\/wp\/v2\/users\/1"}],"replies":[{"embeddable":true,"href":"https:\/\/www.afrokuba.com\/en\/wp-json\/wp\/v2\/comments?post=2958"}],"version-history":[{"count":0,"href":"https:\/\/www.afrokuba.com\/en\/wp-json\/wp\/v2\/posts\/2958\/revisions"}],"wp:featuredmedia":[{"embeddable":true,"href":"https:\/\/www.afrokuba.com\/en\/wp-json\/wp\/v2\/media\/2959"}],"wp:attachment":[{"href":"https:\/\/www.afrokuba.com\/en\/wp-json\/wp\/v2\/media?parent=2958"}],"wp:term":[{"taxonomy":"category","embeddable":true,"href":"https:\/\/www.afrokuba.com\/en\/wp-json\/wp\/v2\/categories?post=2958"},{"taxonomy":"post_tag","embeddable":true,"href":"https:\/\/www.afrokuba.com\/en\/wp-json\/wp\/v2\/tags?post=2958"}],"curies":[{"name":"wp","href":"https:\/\/api.w.org\/{rel}","templated":true}]}}