{"id":4222,"date":"2026-09-04T10:26:31","date_gmt":"2026-09-04T14:26:31","guid":{"rendered":"https:\/\/www.afrokuba.com\/?p=4222"},"modified":"2026-09-04T10:30:34","modified_gmt":"2026-09-04T14:30:34","slug":"martha-duarte-mustelier-el-violin-de-una-cubana-universal-video","status":"publish","type":"post","link":"https:\/\/www.afrokuba.com\/en\/2026\/09\/04\/martha-duarte-mustelier-el-violin-de-una-cubana-universal-video\/","title":{"rendered":"Martha Duarte Mustelier: el viol\u00edn de una cubana universal (+Video)"},"content":{"rendered":"<p class=\"wp-block-paragraph\"><em>Por Miguel \u00c1ngel Garc\u00eda Velasco<\/em><\/p>\n\n\n\n<p class=\"wp-block-paragraph\">La m\u00fasica cubana despide con profundo pesar a Martha Duarte Mustelier, violinista, compositora, directora y productora, cuya vida estuvo consagrada a la creaci\u00f3n y al que ella misma sol\u00eda llamar el \u00abdivino arte de interpretar el viol\u00edn\u00bb.<\/p>\n\n\n\n<p class=\"wp-block-paragraph\">Sus restos fueron depositados en el cementerio de Minusio, en el cant\u00f3n del Tesino, Suiza, pa\u00eds que se convirti\u00f3 en su segunda patria y donde Martha construy\u00f3 tambi\u00e9n una familia y una parte esencial de su historia personal.<\/p>\n\n\n\n<p class=\"wp-block-paragraph\"><\/p>\n\n\n<div class=\"wp-block-image\">\n<figure class=\"aligncenter size-full is-resized\"><img fetchpriority=\"high\" decoding=\"async\" width=\"600\" height=\"450\" src=\"https:\/\/www.afrokuba.com\/wp-content\/uploads\/2026\/09\/martha-duarte-2-1.jpg\" alt=\"\" class=\"wp-image-4225\" style=\"width:520px;height:auto\" srcset=\"https:\/\/www.afrokuba.com\/wp-content\/uploads\/2026\/09\/martha-duarte-2-1.jpg 600w, https:\/\/www.afrokuba.com\/wp-content\/uploads\/2026\/09\/martha-duarte-2-1-300x225.jpg 300w, https:\/\/www.afrokuba.com\/wp-content\/uploads\/2026\/09\/martha-duarte-2-1-16x12.jpg 16w\" sizes=\"(max-width: 600px) 100vw, 600px\" \/><\/figure>\n<\/div>\n\n\n<div class=\"wp-block-group is-nowrap is-layout-flex wp-container-core-group-is-layout-8f761849 wp-block-group-is-layout-flex\">\n<p class=\"wp-block-paragraph\">&nbsp;<\/p>\n\n\n\n<p class=\"wp-block-paragraph\"><\/p>\n<\/div>\n\n\n\n<p class=\"wp-block-paragraph\">Nacida en La Habana, Martha Duarte se form\u00f3 en el Instituto Superior de Arte (ISA), donde alcanz\u00f3 un hito significativo en la historia de la ense\u00f1anza musical cubana al convertirse en la primera mujer graduada en la especialidad acad\u00e9mica de viol\u00edn.<\/p>\n\n\n\n<p class=\"wp-block-paragraph\">Su s\u00f3lida formaci\u00f3n le abri\u00f3 las puertas de algunas de las instituciones m\u00e1s importantes de la cultura cubana. Integr\u00f3 como primer viol\u00edn la Orquesta del Gran Teatro de la \u00d3pera y Ballet de La Habana y form\u00f3 parte tambi\u00e9n de la Camerata Brindis de Salas, enriqueciendo una trayectoria en la que la excelencia de su formaci\u00f3n acad\u00e9mica convivi\u00f3 siempre con una extraordinaria apertura hacia diferentes expresiones musicales.<\/p>\n\n\n\n<p class=\"wp-block-paragraph\">Particip\u00f3 asimismo en grabaciones para el sello EGREM, colaborando con figuras emblem\u00e1ticas de nuestra m\u00fasica como Pablo Milan\u00e9s, Silvio Rodr\u00edguez y Frank Fern\u00e1ndez.<\/p>\n\n\n\n<p class=\"wp-block-paragraph\"><\/p>\n\n\n<div class=\"wp-block-image\">\n<figure class=\"aligncenter size-large\"><img decoding=\"async\" width=\"1024\" height=\"768\" src=\"https:\/\/www.afrokuba.com\/wp-content\/uploads\/2026\/09\/IMG-20260904-WA0001-1024x768.jpg\" alt=\"\" class=\"wp-image-4226\" srcset=\"https:\/\/www.afrokuba.com\/wp-content\/uploads\/2026\/09\/IMG-20260904-WA0001-1024x768.jpg 1024w, https:\/\/www.afrokuba.com\/wp-content\/uploads\/2026\/09\/IMG-20260904-WA0001-300x225.jpg 300w, https:\/\/www.afrokuba.com\/wp-content\/uploads\/2026\/09\/IMG-20260904-WA0001-768x576.jpg 768w, https:\/\/www.afrokuba.com\/wp-content\/uploads\/2026\/09\/IMG-20260904-WA0001-16x12.jpg 16w, https:\/\/www.afrokuba.com\/wp-content\/uploads\/2026\/09\/IMG-20260904-WA0001-1536x1152.jpg 1536w, https:\/\/www.afrokuba.com\/wp-content\/uploads\/2026\/09\/IMG-20260904-WA0001-1320x990.jpg 1320w, https:\/\/www.afrokuba.com\/wp-content\/uploads\/2026\/09\/IMG-20260904-WA0001.jpg 2048w\" sizes=\"(max-width: 1024px) 100vw, 1024px\" \/><\/figure>\n<\/div>\n\n\n<p class=\"wp-block-paragraph\"><\/p>\n\n\n\n<p class=\"wp-block-paragraph\">Pero Martha nunca concibi\u00f3 el viol\u00edn exclusivamente dentro de las fronteras de la m\u00fasica acad\u00e9mica. Su inquietud y curiosidad art\u00edstica la llevaron a explorar otros universos sonoros. Su paso por el Conjunto Folkl\u00f3rico Nacional de Cuba, donde brill\u00f3 como solista, constituy\u00f3 otra demostraci\u00f3n de esa voluntad de establecer puentes entre la formaci\u00f3n cl\u00e1sica y las ra\u00edces populares y afrocubanas.<\/p>\n\n\n\n<p class=\"wp-block-paragraph\">En 1985 se incorpor\u00f3 al grupo de rock Arte Vivo, con el cual recorri\u00f3 escenarios de Cuba y del extranjero. Posteriormente, en 1990, fund\u00f3 Vidrio y Corte, propuesta en la que confluyeron el jazz, la canci\u00f3n, el rock y el funk.<\/p>\n\n\n\n<p class=\"wp-block-paragraph\">El gran proyecto de madurez de su carrera llegar\u00eda en 1993 con la creaci\u00f3n de Martha Duarte y Sarabanda.<\/p>\n\n\n\n<p class=\"wp-block-paragraph\"><\/p>\n\n\n<div class=\"wp-block-image\">\n<figure class=\"aligncenter size-large\"><img decoding=\"async\" width=\"768\" height=\"1024\" src=\"https:\/\/www.afrokuba.com\/wp-content\/uploads\/2026\/09\/IMG-20260904-WA0006-768x1024-1.jpg\" alt=\"\" class=\"wp-image-4227\" srcset=\"https:\/\/www.afrokuba.com\/wp-content\/uploads\/2026\/09\/IMG-20260904-WA0006-768x1024-1.jpg 768w, https:\/\/www.afrokuba.com\/wp-content\/uploads\/2026\/09\/IMG-20260904-WA0006-225x300.jpg 225w, https:\/\/www.afrokuba.com\/wp-content\/uploads\/2026\/09\/IMG-20260904-WA0006-9x12.jpg 9w, https:\/\/www.afrokuba.com\/wp-content\/uploads\/2026\/09\/IMG-20260904-WA0006-1152x1536.jpg 1152w, https:\/\/www.afrokuba.com\/wp-content\/uploads\/2026\/09\/IMG-20260904-WA0006-1320x1760.jpg 1320w, https:\/\/www.afrokuba.com\/wp-content\/uploads\/2026\/09\/IMG-20260904-WA0006.jpg 1536w\" sizes=\"(max-width: 768px) 100vw, 768px\" \/><\/figure>\n<\/div>\n\n\n<p class=\"wp-block-paragraph\"><\/p>\n\n\n\n<p class=\"wp-block-paragraph\">Sarabanda fue, sin duda, uno de los momentos culminantes de su concepci\u00f3n art\u00edstica. All\u00ed confluyeron la tradici\u00f3n musical cubana, el virtuosismo del viol\u00edn, la improvisaci\u00f3n y las sonoridades contempor\u00e1neas que Martha hab\u00eda ido explorando durante a\u00f1os.<\/p>\n\n\n\n<p class=\"wp-block-paragraph\">Con Sarabanda particip\u00f3 en el CD \u201cLa Isla de la M\u00fasica\u201d y realiz\u00f3 giras internacionales. En 2001 present\u00f3 su primer disco como directora y productora, Mulata de Espalda, que incluy\u00f3 adem\u00e1s obras de su propia autor\u00eda y confirm\u00f3 una dimensi\u00f3n creadora que trascend\u00eda ampliamente su condici\u00f3n de int\u00e9rprete.<\/p>\n\n\n\n<p class=\"wp-block-paragraph\">Su presencia se hizo habitual en programas de radio y televisi\u00f3n y en numerosos escenarios habaneros. Particip\u00f3 en 1997 en El Son m\u00e1s Largo del Mundo, inscrito en el libro Guinness de los r\u00e9cords, y su agrupaci\u00f3n fue reconocida como \u00abOrquesta revelaci\u00f3n\u00bb en el popular programa televisivo Mi Salsa.<\/p>\n\n\n\n<p class=\"wp-block-paragraph\"><\/p>\n\n\n<div class=\"wp-block-image\">\n<figure class=\"aligncenter size-large\"><img loading=\"lazy\" decoding=\"async\" width=\"1024\" height=\"706\" src=\"https:\/\/www.afrokuba.com\/wp-content\/uploads\/2026\/09\/IMG-20260904-WA0000-1024x706.jpg\" alt=\"\" class=\"wp-image-4228\" srcset=\"https:\/\/www.afrokuba.com\/wp-content\/uploads\/2026\/09\/IMG-20260904-WA0000-1024x706.jpg 1024w, https:\/\/www.afrokuba.com\/wp-content\/uploads\/2026\/09\/IMG-20260904-WA0000-300x207.jpg 300w, https:\/\/www.afrokuba.com\/wp-content\/uploads\/2026\/09\/IMG-20260904-WA0000-767x529.jpg 767w, https:\/\/www.afrokuba.com\/wp-content\/uploads\/2026\/09\/IMG-20260904-WA0000-17x12.jpg 17w, https:\/\/www.afrokuba.com\/wp-content\/uploads\/2026\/09\/IMG-20260904-WA0000-1536x1060.jpg 1536w, https:\/\/www.afrokuba.com\/wp-content\/uploads\/2026\/09\/IMG-20260904-WA0000-1319x910.jpg 1319w, https:\/\/www.afrokuba.com\/wp-content\/uploads\/2026\/09\/IMG-20260904-WA0000.jpg 1796w\" sizes=\"(max-width: 1024px) 100vw, 1024px\" \/><\/figure>\n<\/div>\n\n\n<p class=\"wp-block-paragraph\"><\/p>\n\n\n\n<p class=\"wp-block-paragraph\">Su trayectoria adquiri\u00f3 tambi\u00e9n una importante dimensi\u00f3n internacional. Represent\u00f3 a Cuba en la Cumbre Iberoamericana de Montevideo, en 2006, y particip\u00f3 en la Primera Semana de la Cultura Cubana en Medio Oriente, en 2009, llevando siempre consigo una manera profundamente cubana y, al mismo tiempo, universal de entender la m\u00fasica.<\/p>\n\n\n\n<p class=\"wp-block-paragraph\">Martha Duarte Mustelier perteneci\u00f3 a esa estirpe de m\u00fasicos capaces de desplazarse con naturalidad entre la academia y la m\u00fasica popular, entre la partitura y la improvisaci\u00f3n, entre la tradici\u00f3n y la experimentaci\u00f3n. El viol\u00edn fue su voz, pero tambi\u00e9n el instrumento a trav\u00e9s del cual expres\u00f3 su identidad, su libertad y su permanente necesidad de crear.<\/p>\n\n\n\n<p class=\"wp-block-paragraph\">Hoy, al acompa\u00f1ar a Martha en su \u00faltima morada en estas tierras helv\u00e9ticas, mi presencia quiere representar humildemente a tantos hermanos y hermanas cubanos que hubieran deseado estar presentes, acompa\u00f1\u00e1ndola y rindi\u00e9ndole el \u00faltimo homenaje en este duro momento.<\/p>\n\n\n\n<p class=\"wp-block-paragraph\"><\/p>\n\n\n<div class=\"wp-block-image\">\n<figure class=\"alignleft size-large\"><img loading=\"lazy\" decoding=\"async\" width=\"1024\" height=\"768\" src=\"https:\/\/www.afrokuba.com\/wp-content\/uploads\/2026\/09\/IMG-20260904-WA0003-1024x768.jpg\" alt=\"\" class=\"wp-image-4229\" srcset=\"https:\/\/www.afrokuba.com\/wp-content\/uploads\/2026\/09\/IMG-20260904-WA0003-1024x768.jpg 1024w, https:\/\/www.afrokuba.com\/wp-content\/uploads\/2026\/09\/IMG-20260904-WA0003-300x225.jpg 300w, https:\/\/www.afrokuba.com\/wp-content\/uploads\/2026\/09\/IMG-20260904-WA0003-768x576.jpg 768w, https:\/\/www.afrokuba.com\/wp-content\/uploads\/2026\/09\/IMG-20260904-WA0003-16x12.jpg 16w, https:\/\/www.afrokuba.com\/wp-content\/uploads\/2026\/09\/IMG-20260904-WA0003-1536x1152.jpg 1536w, https:\/\/www.afrokuba.com\/wp-content\/uploads\/2026\/09\/IMG-20260904-WA0003-1320x990.jpg 1320w, https:\/\/www.afrokuba.com\/wp-content\/uploads\/2026\/09\/IMG-20260904-WA0003.jpg 2048w\" sizes=\"(max-width: 1024px) 100vw, 1024px\" \/><\/figure>\n<\/div>\n\n\n<p class=\"wp-block-paragraph\"><\/p>\n\n\n<div class=\"wp-block-image\">\n<figure class=\"aligncenter size-large\"><img loading=\"lazy\" decoding=\"async\" width=\"1024\" height=\"768\" src=\"https:\/\/www.afrokuba.com\/wp-content\/uploads\/2026\/09\/IMG-20260904-WA0005-1024x768.jpg\" alt=\"\" class=\"wp-image-4230\" srcset=\"https:\/\/www.afrokuba.com\/wp-content\/uploads\/2026\/09\/IMG-20260904-WA0005-1024x768.jpg 1024w, https:\/\/www.afrokuba.com\/wp-content\/uploads\/2026\/09\/IMG-20260904-WA0005-300x225.jpg 300w, https:\/\/www.afrokuba.com\/wp-content\/uploads\/2026\/09\/IMG-20260904-WA0005-768x576.jpg 768w, https:\/\/www.afrokuba.com\/wp-content\/uploads\/2026\/09\/IMG-20260904-WA0005-16x12.jpg 16w, https:\/\/www.afrokuba.com\/wp-content\/uploads\/2026\/09\/IMG-20260904-WA0005-1536x1152.jpg 1536w, https:\/\/www.afrokuba.com\/wp-content\/uploads\/2026\/09\/IMG-20260904-WA0005-1320x990.jpg 1320w, https:\/\/www.afrokuba.com\/wp-content\/uploads\/2026\/09\/IMG-20260904-WA0005.jpg 2048w\" sizes=\"(max-width: 1024px) 100vw, 1024px\" \/><\/figure>\n<\/div>\n\n\n<p class=\"wp-block-paragraph\"><\/p>\n\n\n\n<p class=\"wp-block-paragraph\">Estoy aqu\u00ed tambi\u00e9n en nombre de esa Cuba que Martha llev\u00f3 siempre consigo; de sus amigos, compa\u00f1eros de profesi\u00f3n y de todos aquellos que compartieron alguna etapa de su recorrido art\u00edstico y humano. La distancia impide hoy la presencia f\u00edsica de muchos, pero jam\u00e1s podr\u00e1 impedir que su cari\u00f1o, su respeto y su memoria lleguen hasta Minusio.<\/p>\n\n\n\n<p class=\"wp-block-paragraph\">Quiero abrazar muy especialmente a su querida hija Afrika, a su esposo y compa\u00f1ero de vida, y a toda esa familia que Martha cre\u00f3 y cultiv\u00f3 durante sus a\u00f1os en estas tierras helv\u00e9ticas. A ellos corresponde ahora custodiar no solamente el recuerdo \u00edntimo de la madre, la esposa y la amiga, sino tambi\u00e9n el legado de una mujer cubana que hizo de la m\u00fasica una raz\u00f3n de existencia.<\/p>\n\n\n\n<p class=\"wp-block-paragraph\">El largo camino de Martha comenz\u00f3 en La Habana y encontr\u00f3 en Suiza otro hogar, sin abandonar jam\u00e1s sus ra\u00edces. Por eso, en esta despedida, Cuba y Suiza se encuentran simb\u00f3licamente alrededor de su viol\u00edn y de su memoria.<\/p>\n\n\n\n<p class=\"wp-block-paragraph\">Que mi presencia pueda ser entendida como el abrazo colectivo de quienes, desde Cuba y desde tantos otros lugares del mundo, hubieran querido estar hoy junto a ella y junto a su familia.<\/p>\n\n\n\n<p class=\"wp-block-paragraph\">Desde el Proyecto Etnovisual Afrokuba, rendimos homenaje a Martha Duarte Mustelier: a la violinista, a la compositora, a la directora, a la mujer que abri\u00f3 caminos y a la creadora que encontr\u00f3 en Sarabanda uno de los momentos culminantes de su brillante trayectoria.<\/p>\n\n\n\n<p class=\"wp-block-paragraph\">Descansa en paz, querida Martha.<\/p>\n\n\n\n<p class=\"wp-block-paragraph\">Tu viol\u00edn podr\u00e1 guardar silencio, pero tu m\u00fasica, tu ejemplo, tu belleza, tu alegr\u00eda y tu memoria continuar\u00e1n acompa\u00f1\u00e1ndonos siempre.<\/p>\n\n\n\n<p class=\"wp-block-paragraph\"><\/p>\n\n\n\n<figure class=\"wp-block-video\"><video height=\"1080\" style=\"aspect-ratio: 1920 \/ 1080;\" width=\"1920\" controls src=\"https:\/\/www.afrokuba.com\/wp-content\/uploads\/2026\/09\/MARTA-DUARTE.mp4\"><\/video><\/figure>\n\n\n\n<p class=\"wp-block-paragraph\"><\/p>","protected":false},"excerpt":{"rendered":"<p>La m\u00fasica cubana despide con profundo pesar a Martha Duarte Mustelier, violinista, compositora, directora y productora, cuya vida estuvo consagrada a la creaci\u00f3n y al que ella misma sol\u00eda llamar el \u00abdivino arte de interpretar el viol\u00edn\u00bb<\/p>","protected":false},"author":2,"featured_media":4223,"comment_status":"open","ping_status":"open","sticky":true,"template":"","format":"standard","meta":{"footnotes":"","_links_to":"","_links_to_target":""},"categories":[187,42,206,191,82],"tags":[12,80,344,396,26,224,398,285],"class_list":["post-4222","post","type-post","status-publish","format-standard","has-post-thumbnail","hentry","category-afrodescendientes","category-afrokuba","category-cultura","category-homenaje","category-musica","tag-afrokuba","tag-cuba","tag-la-habana","tag-martha-duarte-mustelier","tag-musica","tag-musicos-cubanos","tag-sarabanda","tag-suiza","post-with-thumbnail","post-with-thumbnail-large"],"aioseo_notices":[],"aioseo_head":"\n\t\t<!-- All in One SEO 5.0.1.1 - aioseo.com -->\n\t<meta name=\"description\" content=\"La m\u00fasica cubana despide con profundo pesar a Martha Duarte Mustelier, violinista, compositora, directora y productora, cuya vida estuvo consagrada a la creaci\u00f3n y al que ella misma sol\u00eda llamar el \u00abdivino arte de interpretar el viol\u00edn\u00bb\" \/>\n\t<meta name=\"robots\" content=\"max-image-preview:large\" \/>\n\t<meta name=\"author\" content=\"Jaime Maso Torres\"\/>\n\t<link rel=\"canonical\" href=\"https:\/\/www.afrokuba.com\/en\/2026\/09\/04\/martha-duarte-mustelier-el-violin-de-una-cubana-universal-video\/\" \/>\n\t<meta name=\"generator\" content=\"All in One SEO (AIOSEO) 5.0.1.1\" \/>\n\t\t<meta property=\"og:locale\" content=\"en_US\" \/>\n\t\t<meta property=\"og:site_name\" content=\"AfroKuba | Proyecto Etnovisual\" \/>\n\t\t<meta property=\"og:type\" content=\"article\" \/>\n\t\t<meta property=\"og:title\" content=\"Martha Duarte Mustelier: el viol\u00edn de una cubana universal (+Video) | AfroKuba\" \/>\n\t\t<meta property=\"og:description\" content=\"La m\u00fasica cubana despide con profundo pesar a Martha Duarte Mustelier, violinista, compositora, directora y productora, cuya vida estuvo consagrada a la creaci\u00f3n y al que ella misma sol\u00eda llamar el \u00abdivino arte de interpretar el viol\u00edn\u00bb\" \/>\n\t\t<meta property=\"og:url\" content=\"https:\/\/www.afrokuba.com\/en\/2026\/09\/04\/martha-duarte-mustelier-el-violin-de-una-cubana-universal-video\/\" \/>\n\t\t<meta property=\"og:image\" content=\"https:\/\/www.afrokuba.com\/wp-content\/uploads\/2026\/09\/787818500_1642581271200609_407947574991059494_n.jpg\" \/>\n\t\t<meta property=\"og:image:secure_url\" content=\"https:\/\/www.afrokuba.com\/wp-content\/uploads\/2026\/09\/787818500_1642581271200609_407947574991059494_n.jpg\" \/>\n\t\t<meta property=\"og:image:width\" content=\"588\" \/>\n\t\t<meta property=\"og:image:height\" content=\"393\" \/>\n\t\t<meta property=\"article:published_time\" content=\"2026-09-04T14:26:31+00:00\" \/>\n\t\t<meta property=\"article:modified_time\" content=\"2026-09-04T14:30:34+00:00\" \/>\n\t\t<meta property=\"article:publisher\" content=\"https:\/\/www.facebook.com\/afrokuba\/\" \/>\n\t\t<meta name=\"twitter:card\" content=\"summary\" \/>\n\t\t<meta name=\"twitter:title\" content=\"Martha Duarte Mustelier: el viol\u00edn de una cubana universal (+Video) | AfroKuba\" \/>\n\t\t<meta name=\"twitter:description\" content=\"La m\u00fasica cubana despide con profundo pesar a Martha Duarte Mustelier, violinista, compositora, directora y productora, cuya vida estuvo consagrada a la creaci\u00f3n y al que ella misma sol\u00eda llamar el \u00abdivino arte de interpretar el viol\u00edn\u00bb\" \/>\n\t\t<meta name=\"twitter:image\" content=\"https:\/\/www.afrokuba.com\/wp-content\/uploads\/2026\/09\/787818500_1642581271200609_407947574991059494_n.jpg\" \/>\n\t\t<script type=\"application\/ld+json\" class=\"aioseo-schema\">\n\t\t\t{\"@context\":\"https:\\\/\\\/schema.org\",\"@graph\":[{\"@type\":\"BlogPosting\",\"@id\":\"https:\\\/\\\/www.afrokuba.com\\\/en\\\/2026\\\/09\\\/04\\\/martha-duarte-mustelier-el-violin-de-una-cubana-universal-video\\\/#blogposting\",\"name\":\"Martha Duarte Mustelier: el viol\\u00edn de una cubana universal (+Video) | AfroKuba\",\"headline\":\"Martha Duarte Mustelier: el viol\\u00edn de una cubana universal (+Video)\",\"author\":{\"@id\":\"https:\\\/\\\/www.afrokuba.com\\\/en\\\/author\\\/jaime\\\/#author\"},\"publisher\":{\"@id\":\"https:\\\/\\\/www.afrokuba.com\\\/en\\\/#person\"},\"image\":{\"@type\":\"ImageObject\",\"url\":\"https:\\\/\\\/www.afrokuba.com\\\/wp-content\\\/uploads\\\/2026\\\/09\\\/787818500_1642581271200609_407947574991059494_n.jpg\",\"width\":588,\"height\":393},\"datePublished\":\"2026-09-04T10:26:31-04:00\",\"dateModified\":\"2026-09-04T10:30:34-04:00\",\"inLanguage\":\"en-US\",\"mainEntityOfPage\":{\"@id\":\"https:\\\/\\\/www.afrokuba.com\\\/en\\\/2026\\\/09\\\/04\\\/martha-duarte-mustelier-el-violin-de-una-cubana-universal-video\\\/#webpage\"},\"isPartOf\":{\"@id\":\"https:\\\/\\\/www.afrokuba.com\\\/en\\\/2026\\\/09\\\/04\\\/martha-duarte-mustelier-el-violin-de-una-cubana-universal-video\\\/#webpage\"},\"articleSection\":\"Afrodescendientes, AfroKuba, Cultura, Homenaje, M\\u00fasica, afrokuba, cuba, la habana, Martha Duarte Mustelier, m\\u00fasica, m\\u00fasicos cubanos, Sarabanda, Suiza\"},{\"@type\":\"BreadcrumbList\",\"@id\":\"https:\\\/\\\/www.afrokuba.com\\\/en\\\/2026\\\/09\\\/04\\\/martha-duarte-mustelier-el-violin-de-una-cubana-universal-video\\\/#breadcrumblist\",\"itemListElement\":[{\"@type\":\"ListItem\",\"@id\":\"https:\\\/\\\/www.afrokuba.com\\\/en#listItem\",\"position\":1,\"name\":\"Inicio\",\"item\":\"https:\\\/\\\/www.afrokuba.com\\\/en\",\"nextItem\":{\"@type\":\"ListItem\",\"@id\":\"https:\\\/\\\/www.afrokuba.com\\\/en\\\/category\\\/historia\\\/#listItem\",\"name\":\"Historia\"}},{\"@type\":\"ListItem\",\"@id\":\"https:\\\/\\\/www.afrokuba.com\\\/en\\\/category\\\/historia\\\/#listItem\",\"position\":2,\"name\":\"Historia\",\"item\":\"https:\\\/\\\/www.afrokuba.com\\\/en\\\/category\\\/historia\\\/\",\"nextItem\":{\"@type\":\"ListItem\",\"@id\":\"https:\\\/\\\/www.afrokuba.com\\\/en\\\/category\\\/historia\\\/afrodescendientes\\\/#listItem\",\"name\":\"Afrodescendientes\"},\"previousItem\":{\"@type\":\"ListItem\",\"@id\":\"https:\\\/\\\/www.afrokuba.com\\\/en#listItem\",\"name\":\"Inicio\"}},{\"@type\":\"ListItem\",\"@id\":\"https:\\\/\\\/www.afrokuba.com\\\/en\\\/category\\\/historia\\\/afrodescendientes\\\/#listItem\",\"position\":3,\"name\":\"Afrodescendientes\",\"item\":\"https:\\\/\\\/www.afrokuba.com\\\/en\\\/category\\\/historia\\\/afrodescendientes\\\/\",\"nextItem\":{\"@type\":\"ListItem\",\"@id\":\"https:\\\/\\\/www.afrokuba.com\\\/en\\\/2026\\\/09\\\/04\\\/martha-duarte-mustelier-el-violin-de-una-cubana-universal-video\\\/#listItem\",\"name\":\"Martha Duarte Mustelier: el viol\\u00edn de una cubana universal (+Video)\"},\"previousItem\":{\"@type\":\"ListItem\",\"@id\":\"https:\\\/\\\/www.afrokuba.com\\\/en\\\/category\\\/historia\\\/#listItem\",\"name\":\"Historia\"}},{\"@type\":\"ListItem\",\"@id\":\"https:\\\/\\\/www.afrokuba.com\\\/en\\\/2026\\\/09\\\/04\\\/martha-duarte-mustelier-el-violin-de-una-cubana-universal-video\\\/#listItem\",\"position\":4,\"name\":\"Martha Duarte Mustelier: el viol\\u00edn de una cubana universal (+Video)\",\"previousItem\":{\"@type\":\"ListItem\",\"@id\":\"https:\\\/\\\/www.afrokuba.com\\\/en\\\/category\\\/historia\\\/afrodescendientes\\\/#listItem\",\"name\":\"Afrodescendientes\"}}]},{\"@type\":\"Person\",\"@id\":\"https:\\\/\\\/www.afrokuba.com\\\/en\\\/#person\",\"name\":\"AfroKuba\",\"image\":{\"@type\":\"ImageObject\",\"@id\":\"https:\\\/\\\/www.afrokuba.com\\\/en\\\/2026\\\/09\\\/04\\\/martha-duarte-mustelier-el-violin-de-una-cubana-universal-video\\\/#personImage\",\"url\":\"https:\\\/\\\/secure.gravatar.com\\\/avatar\\\/afd997acb9542c3283201cbde65b66699099b658e043adf43bf09f0d1d4778a0?s=96&d=mm&r=g\",\"width\":96,\"height\":96,\"caption\":\"AfroKuba\"}},{\"@type\":\"Person\",\"@id\":\"https:\\\/\\\/www.afrokuba.com\\\/en\\\/author\\\/jaime\\\/#author\",\"url\":\"https:\\\/\\\/www.afrokuba.com\\\/en\\\/author\\\/jaime\\\/\",\"name\":\"Jaime Maso Torres\",\"image\":{\"@type\":\"ImageObject\",\"@id\":\"https:\\\/\\\/www.afrokuba.com\\\/en\\\/2026\\\/09\\\/04\\\/martha-duarte-mustelier-el-violin-de-una-cubana-universal-video\\\/#authorImage\",\"url\":\"https:\\\/\\\/secure.gravatar.com\\\/avatar\\\/667f148287de47f2323598a102db83911cf40c0f33d3bfeeda464ca60884e2c5?s=96&d=mm&r=g\",\"width\":96,\"height\":96,\"caption\":\"Jaime Maso Torres\"}},{\"@type\":\"WebPage\",\"@id\":\"https:\\\/\\\/www.afrokuba.com\\\/en\\\/2026\\\/09\\\/04\\\/martha-duarte-mustelier-el-violin-de-una-cubana-universal-video\\\/#webpage\",\"url\":\"https:\\\/\\\/www.afrokuba.com\\\/en\\\/2026\\\/09\\\/04\\\/martha-duarte-mustelier-el-violin-de-una-cubana-universal-video\\\/\",\"name\":\"Martha Duarte Mustelier: el viol\\u00edn de una cubana universal (+Video) | AfroKuba\",\"description\":\"La m\\u00fasica cubana despide con profundo pesar a Martha Duarte Mustelier, violinista, compositora, directora y productora, cuya vida estuvo consagrada a la creaci\\u00f3n y al que ella misma sol\\u00eda llamar el \\u00abdivino arte de interpretar el viol\\u00edn\\u00bb\",\"inLanguage\":\"en-US\",\"isPartOf\":{\"@id\":\"https:\\\/\\\/www.afrokuba.com\\\/en\\\/#website\"},\"breadcrumb\":{\"@id\":\"https:\\\/\\\/www.afrokuba.com\\\/en\\\/2026\\\/09\\\/04\\\/martha-duarte-mustelier-el-violin-de-una-cubana-universal-video\\\/#breadcrumblist\"},\"author\":{\"@id\":\"https:\\\/\\\/www.afrokuba.com\\\/en\\\/author\\\/jaime\\\/#author\"},\"creator\":{\"@id\":\"https:\\\/\\\/www.afrokuba.com\\\/en\\\/author\\\/jaime\\\/#author\"},\"image\":{\"@type\":\"ImageObject\",\"url\":\"https:\\\/\\\/www.afrokuba.com\\\/wp-content\\\/uploads\\\/2026\\\/09\\\/787818500_1642581271200609_407947574991059494_n.jpg\",\"@id\":\"https:\\\/\\\/www.afrokuba.com\\\/en\\\/2026\\\/09\\\/04\\\/martha-duarte-mustelier-el-violin-de-una-cubana-universal-video\\\/#mainImage\",\"width\":588,\"height\":393},\"primaryImageOfPage\":{\"@id\":\"https:\\\/\\\/www.afrokuba.com\\\/en\\\/2026\\\/09\\\/04\\\/martha-duarte-mustelier-el-violin-de-una-cubana-universal-video\\\/#mainImage\"},\"datePublished\":\"2026-09-04T10:26:31-04:00\",\"dateModified\":\"2026-09-04T10:30:34-04:00\"},{\"@type\":\"WebSite\",\"@id\":\"https:\\\/\\\/www.afrokuba.com\\\/en\\\/#website\",\"url\":\"https:\\\/\\\/www.afrokuba.com\\\/en\\\/\",\"name\":\"AfroKuba\",\"description\":\"Proyecto Etnovisual\",\"inLanguage\":\"en-US\",\"publisher\":{\"@id\":\"https:\\\/\\\/www.afrokuba.com\\\/en\\\/#person\"}}]}\n\t\t<\/script>\n\t\t<!-- All in One SEO -->\n\n","aioseo_head_json":{"title":"Martha Duarte Mustelier: el viol\u00edn de una cubana universal (+Video) | AfroKuba","description":"La m\u00fasica cubana despide con profundo pesar a Martha Duarte Mustelier, violinista, compositora, directora y productora, cuya vida estuvo consagrada a la creaci\u00f3n y al que ella misma sol\u00eda llamar el \u00abdivino arte de interpretar el viol\u00edn\u00bb","canonical_url":"https:\/\/www.afrokuba.com\/en\/2026\/09\/04\/martha-duarte-mustelier-el-violin-de-una-cubana-universal-video\/","robots":"max-image-preview:large","keywords":"","webmasterTools":{"miscellaneous":""},"schema":{"@context":"https:\/\/schema.org","@graph":[{"@type":"BlogPosting","@id":"https:\/\/www.afrokuba.com\/en\/2026\/09\/04\/martha-duarte-mustelier-el-violin-de-una-cubana-universal-video\/#blogposting","name":"Martha Duarte Mustelier: el viol\u00edn de una cubana universal (+Video) | AfroKuba","headline":"Martha Duarte Mustelier: el viol\u00edn de una cubana universal (+Video)","author":{"@id":"https:\/\/www.afrokuba.com\/en\/author\/jaime\/#author"},"publisher":{"@id":"https:\/\/www.afrokuba.com\/en\/#person"},"image":{"@type":"ImageObject","url":"https:\/\/www.afrokuba.com\/wp-content\/uploads\/2026\/09\/787818500_1642581271200609_407947574991059494_n.jpg","width":588,"height":393},"datePublished":"2026-09-04T10:26:31-04:00","dateModified":"2026-09-04T10:30:34-04:00","inLanguage":"en-US","mainEntityOfPage":{"@id":"https:\/\/www.afrokuba.com\/en\/2026\/09\/04\/martha-duarte-mustelier-el-violin-de-una-cubana-universal-video\/#webpage"},"isPartOf":{"@id":"https:\/\/www.afrokuba.com\/en\/2026\/09\/04\/martha-duarte-mustelier-el-violin-de-una-cubana-universal-video\/#webpage"},"articleSection":"Afrodescendientes, AfroKuba, Cultura, Homenaje, M\u00fasica, afrokuba, cuba, la habana, Martha Duarte Mustelier, m\u00fasica, m\u00fasicos cubanos, Sarabanda, Suiza"},{"@type":"BreadcrumbList","@id":"https:\/\/www.afrokuba.com\/en\/2026\/09\/04\/martha-duarte-mustelier-el-violin-de-una-cubana-universal-video\/#breadcrumblist","itemListElement":[{"@type":"ListItem","@id":"https:\/\/www.afrokuba.com\/en#listItem","position":1,"name":"Inicio","item":"https:\/\/www.afrokuba.com\/en","nextItem":{"@type":"ListItem","@id":"https:\/\/www.afrokuba.com\/en\/category\/historia\/#listItem","name":"Historia"}},{"@type":"ListItem","@id":"https:\/\/www.afrokuba.com\/en\/category\/historia\/#listItem","position":2,"name":"Historia","item":"https:\/\/www.afrokuba.com\/en\/category\/historia\/","nextItem":{"@type":"ListItem","@id":"https:\/\/www.afrokuba.com\/en\/category\/historia\/afrodescendientes\/#listItem","name":"Afrodescendientes"},"previousItem":{"@type":"ListItem","@id":"https:\/\/www.afrokuba.com\/en#listItem","name":"Inicio"}},{"@type":"ListItem","@id":"https:\/\/www.afrokuba.com\/en\/category\/historia\/afrodescendientes\/#listItem","position":3,"name":"Afrodescendientes","item":"https:\/\/www.afrokuba.com\/en\/category\/historia\/afrodescendientes\/","nextItem":{"@type":"ListItem","@id":"https:\/\/www.afrokuba.com\/en\/2026\/09\/04\/martha-duarte-mustelier-el-violin-de-una-cubana-universal-video\/#listItem","name":"Martha Duarte Mustelier: el viol\u00edn de una cubana universal (+Video)"},"previousItem":{"@type":"ListItem","@id":"https:\/\/www.afrokuba.com\/en\/category\/historia\/#listItem","name":"Historia"}},{"@type":"ListItem","@id":"https:\/\/www.afrokuba.com\/en\/2026\/09\/04\/martha-duarte-mustelier-el-violin-de-una-cubana-universal-video\/#listItem","position":4,"name":"Martha Duarte Mustelier: el viol\u00edn de una cubana universal (+Video)","previousItem":{"@type":"ListItem","@id":"https:\/\/www.afrokuba.com\/en\/category\/historia\/afrodescendientes\/#listItem","name":"Afrodescendientes"}}]},{"@type":"Person","@id":"https:\/\/www.afrokuba.com\/en\/#person","name":"AfroKuba","image":{"@type":"ImageObject","@id":"https:\/\/www.afrokuba.com\/en\/2026\/09\/04\/martha-duarte-mustelier-el-violin-de-una-cubana-universal-video\/#personImage","url":"https:\/\/secure.gravatar.com\/avatar\/afd997acb9542c3283201cbde65b66699099b658e043adf43bf09f0d1d4778a0?s=96&d=mm&r=g","width":96,"height":96,"caption":"AfroKuba"}},{"@type":"Person","@id":"https:\/\/www.afrokuba.com\/en\/author\/jaime\/#author","url":"https:\/\/www.afrokuba.com\/en\/author\/jaime\/","name":"Jaime Maso Torres","image":{"@type":"ImageObject","@id":"https:\/\/www.afrokuba.com\/en\/2026\/09\/04\/martha-duarte-mustelier-el-violin-de-una-cubana-universal-video\/#authorImage","url":"https:\/\/secure.gravatar.com\/avatar\/667f148287de47f2323598a102db83911cf40c0f33d3bfeeda464ca60884e2c5?s=96&d=mm&r=g","width":96,"height":96,"caption":"Jaime Maso Torres"}},{"@type":"WebPage","@id":"https:\/\/www.afrokuba.com\/en\/2026\/09\/04\/martha-duarte-mustelier-el-violin-de-una-cubana-universal-video\/#webpage","url":"https:\/\/www.afrokuba.com\/en\/2026\/09\/04\/martha-duarte-mustelier-el-violin-de-una-cubana-universal-video\/","name":"Martha Duarte Mustelier: el viol\u00edn de una cubana universal (+Video) | AfroKuba","description":"La m\u00fasica cubana despide con profundo pesar a Martha Duarte Mustelier, violinista, compositora, directora y productora, cuya vida estuvo consagrada a la creaci\u00f3n y al que ella misma sol\u00eda llamar el \u00abdivino arte de interpretar el viol\u00edn\u00bb","inLanguage":"en-US","isPartOf":{"@id":"https:\/\/www.afrokuba.com\/en\/#website"},"breadcrumb":{"@id":"https:\/\/www.afrokuba.com\/en\/2026\/09\/04\/martha-duarte-mustelier-el-violin-de-una-cubana-universal-video\/#breadcrumblist"},"author":{"@id":"https:\/\/www.afrokuba.com\/en\/author\/jaime\/#author"},"creator":{"@id":"https:\/\/www.afrokuba.com\/en\/author\/jaime\/#author"},"image":{"@type":"ImageObject","url":"https:\/\/www.afrokuba.com\/wp-content\/uploads\/2026\/09\/787818500_1642581271200609_407947574991059494_n.jpg","@id":"https:\/\/www.afrokuba.com\/en\/2026\/09\/04\/martha-duarte-mustelier-el-violin-de-una-cubana-universal-video\/#mainImage","width":588,"height":393},"primaryImageOfPage":{"@id":"https:\/\/www.afrokuba.com\/en\/2026\/09\/04\/martha-duarte-mustelier-el-violin-de-una-cubana-universal-video\/#mainImage"},"datePublished":"2026-09-04T10:26:31-04:00","dateModified":"2026-09-04T10:30:34-04:00"},{"@type":"WebSite","@id":"https:\/\/www.afrokuba.com\/en\/#website","url":"https:\/\/www.afrokuba.com\/en\/","name":"AfroKuba","description":"Proyecto Etnovisual","inLanguage":"en-US","publisher":{"@id":"https:\/\/www.afrokuba.com\/en\/#person"}}]},"og:locale":"en_US","og:site_name":"AfroKuba | Proyecto Etnovisual","og:type":"article","og:title":"Martha Duarte Mustelier: el viol\u00edn de una cubana universal (+Video) | AfroKuba","og:description":"La m\u00fasica cubana despide con profundo pesar a Martha Duarte Mustelier, violinista, compositora, directora y productora, cuya vida estuvo consagrada a la creaci\u00f3n y al que ella misma sol\u00eda llamar el \u00abdivino arte de interpretar el viol\u00edn\u00bb","og:url":"https:\/\/www.afrokuba.com\/en\/2026\/09\/04\/martha-duarte-mustelier-el-violin-de-una-cubana-universal-video\/","og:image":"https:\/\/www.afrokuba.com\/wp-content\/uploads\/2026\/09\/787818500_1642581271200609_407947574991059494_n.jpg","og:image:secure_url":"https:\/\/www.afrokuba.com\/wp-content\/uploads\/2026\/09\/787818500_1642581271200609_407947574991059494_n.jpg","og:image:width":588,"og:image:height":393,"article:published_time":"2026-09-04T14:26:31+00:00","article:modified_time":"2026-09-04T14:30:34+00:00","article:publisher":"https:\/\/www.facebook.com\/afrokuba\/","twitter:card":"summary","twitter:title":"Martha Duarte Mustelier: el viol\u00edn de una cubana universal (+Video) | AfroKuba","twitter:description":"La m\u00fasica cubana despide con profundo pesar a Martha Duarte Mustelier, violinista, compositora, directora y productora, cuya vida estuvo consagrada a la creaci\u00f3n y al que ella misma sol\u00eda llamar el \u00abdivino arte de interpretar el viol\u00edn\u00bb","twitter:image":"https:\/\/www.afrokuba.com\/wp-content\/uploads\/2026\/09\/787818500_1642581271200609_407947574991059494_n.jpg"},"aioseo_meta_data":{"post_id":"4222","title":null,"description":null,"keywords":null,"keyphrases":{"focus":{"keyphrase":"","score":0,"analysis":{"keyphraseInTitle":{"score":0,"maxScore":9,"error":1}}},"additional":[]},"primary_term":null,"canonical_url":null,"og_title":null,"og_description":null,"og_object_type":"default","og_image_type":"default","og_image_url":null,"og_image_width":null,"og_image_height":null,"og_image_custom_url":null,"og_image_custom_fields":null,"og_video":"","og_custom_url":null,"og_article_section":null,"og_article_tags":null,"twitter_use_og":false,"twitter_card":"default","twitter_image_type":"default","twitter_image_url":null,"twitter_image_custom_url":null,"twitter_image_custom_fields":null,"twitter_title":null,"twitter_description":null,"schema":{"blockGraphs":[],"customGraphs":[],"default":{"data":{"Article":[],"Course":[],"Dataset":[],"FAQPage":[],"Movie":[],"Person":[],"Product":[],"ProductReview":[],"Car":[],"Recipe":[],"Service":[],"SoftwareApplication":[],"WebPage":[]},"graphName":"BlogPosting","isEnabled":true},"graphs":[]},"schema_type":"default","schema_type_options":null,"pillar_content":false,"robots_default":true,"robots_noindex":false,"robots_noarchive":false,"robots_nosnippet":false,"robots_nofollow":false,"robots_noimageindex":false,"robots_noodp":false,"robots_notranslate":false,"robots_max_snippet":"-1","robots_max_videopreview":"-1","robots_max_imagepreview":"large","priority":null,"frequency":"default","local_seo":null,"breadcrumb_settings":null,"limit_modified_date":false,"ai":{"faqs":[],"keyPoints":[],"schemas":[],"titles":[],"descriptions":[],"socialPosts":{"email":{"subject":"","preview":"","content":""},"linkedin":[],"twitter":[],"facebook":[],"instagram":[]}},"created":"2026-09-04 14:26:33","updated":"2026-09-04 14:51:39","seo_analyzer_scan_date":null,"focus_keyword":null,"additional_keywords":null,"truseo_locale":null},"aioseo_breadcrumb":"<div class=\"aioseo-breadcrumbs\"><span class=\"aioseo-breadcrumb\">\n\t\t\t<a href=\"https:\/\/www.afrokuba.com\/en\" title=\"Inicio\">Inicio<\/a>\n\t\t<\/span><span class=\"aioseo-breadcrumb-separator\">&raquo;<\/span><span class=\"aioseo-breadcrumb\">\n\t\t\t<a href=\"https:\/\/www.afrokuba.com\/en\/category\/historia\/\" title=\"Historia\">Historia<\/a>\n\t\t<\/span><span class=\"aioseo-breadcrumb-separator\">&raquo;<\/span><span class=\"aioseo-breadcrumb\">\n\t\t\t<a href=\"https:\/\/www.afrokuba.com\/en\/category\/historia\/afrodescendientes\/\" title=\"Afrodescendientes\">Afrodescendientes<\/a>\n\t\t<\/span><span class=\"aioseo-breadcrumb-separator\">&raquo;<\/span><span class=\"aioseo-breadcrumb\">\n\t\t\tMartha Duarte Mustelier: el viol\u00edn de una cubana universal (+Video)\n\t\t<\/span><\/div>","aioseo_breadcrumb_json":[{"label":"Inicio","link":"https:\/\/www.afrokuba.com\/en"},{"label":"Historia","link":"https:\/\/www.afrokuba.com\/en\/category\/historia\/"},{"label":"Afrodescendientes","link":"https:\/\/www.afrokuba.com\/en\/category\/historia\/afrodescendientes\/"},{"label":"Martha Duarte Mustelier: el viol\u00edn de una cubana universal (+Video)","link":"https:\/\/www.afrokuba.com\/en\/2026\/09\/04\/martha-duarte-mustelier-el-violin-de-una-cubana-universal-video\/"}],"jetpack_featured_media_url":"https:\/\/www.afrokuba.com\/wp-content\/uploads\/2026\/09\/787818500_1642581271200609_407947574991059494_n.jpg","_links":{"self":[{"href":"https:\/\/www.afrokuba.com\/en\/wp-json\/wp\/v2\/posts\/4222","targetHints":{"allow":["GET"]}}],"collection":[{"href":"https:\/\/www.afrokuba.com\/en\/wp-json\/wp\/v2\/posts"}],"about":[{"href":"https:\/\/www.afrokuba.com\/en\/wp-json\/wp\/v2\/types\/post"}],"author":[{"embeddable":true,"href":"https:\/\/www.afrokuba.com\/en\/wp-json\/wp\/v2\/users\/2"}],"replies":[{"embeddable":true,"href":"https:\/\/www.afrokuba.com\/en\/wp-json\/wp\/v2\/comments?post=4222"}],"version-history":[{"count":2,"href":"https:\/\/www.afrokuba.com\/en\/wp-json\/wp\/v2\/posts\/4222\/revisions"}],"predecessor-version":[{"id":4234,"href":"https:\/\/www.afrokuba.com\/en\/wp-json\/wp\/v2\/posts\/4222\/revisions\/4234"}],"wp:featuredmedia":[{"embeddable":true,"href":"https:\/\/www.afrokuba.com\/en\/wp-json\/wp\/v2\/media\/4223"}],"wp:attachment":[{"href":"https:\/\/www.afrokuba.com\/en\/wp-json\/wp\/v2\/media?parent=4222"}],"wp:term":[{"taxonomy":"category","embeddable":true,"href":"https:\/\/www.afrokuba.com\/en\/wp-json\/wp\/v2\/categories?post=4222"},{"taxonomy":"post_tag","embeddable":true,"href":"https:\/\/www.afrokuba.com\/en\/wp-json\/wp\/v2\/tags?post=4222"}],"curies":[{"name":"wp","href":"https:\/\/api.w.org\/{rel}","templated":true}]}}